{"id":316988,"date":"2025-08-13T19:45:12","date_gmt":"2025-08-13T19:45:12","guid":{"rendered":"https:\/\/www.europesays.com\/fr\/316988\/"},"modified":"2025-08-13T19:45:12","modified_gmt":"2025-08-13T19:45:12","slug":"karaoke-petanque-et-spectacle-de-drones-pour-la-soiree-du-15-aout-a-marseille","status":"publish","type":"post","link":"https:\/\/www.europesays.com\/fr\/316988\/","title":{"rendered":"Karaok\u00e9, p\u00e9tanque et spectacle de drones pour la soir\u00e9e du 15\u00a0ao\u00fbt \u00e0 Marseille"},"content":{"rendered":"<p>Karaok\u00e9, p\u00e9tanque, spectacles de drones et food-trucks\u00a0: \u00e0 l\u2019occasion du week-end de l\u2019Assomption, la Ville de Marseille organise une soir\u00e9e sur l\u2019<a href=\"https:\/\/www.laprovence.com\/article\/societe\/1023888311816815\/marseille-lesplanade-gisele-halimi-inauguree-au-pied-du-mucem\" target=\"_blank\" rel=\"noopener\">esplanade Gis\u00e8le Halimi<\/a> (2e) dans le cadre de l\u2019\u00e9t\u00e9 Marseillais.<\/p>\n<p>Le rendez-vous est fix\u00e9 \u00e0 partir de 19h au pied du Mucem. Pour la quatri\u00e8me \u00e9dition du <a href=\"https:\/\/www.laprovence.com\/article\/region\/1141256284311915\/a-marseille-le-karaoke-classics-revient-au-coeur-du-parc-longchamp\" target=\"_blank\" rel=\"noopener\">Karaok\u00e9 Classics<\/a>, il sera possible de s\u2019\u00e9gosiller sur plus de 400 titres musicaux en tous genres\u00a0: de Nino Ferrer \u00e0 Ma\u00eetre Gims en passant par le Triangle des Bermudes, la sc\u00e8ne risque d\u2019\u00eatre anim\u00e9e. Pour les as du ballon, un stand reproduit la fameuse \u00ab\u00a0<a href=\"https:\/\/www.laprovence.com\/article\/region\/59167647790939\/a-marseille-la-lucarne-devry-a-fait-rever-les-audacieux-le-finaliste-attendu-dans-lessonne-le-30-aout\" target=\"_blank\" rel=\"noopener\">Lucarne d\u2019Evry<\/a>\u00ab\u00a0, un d\u00e9fi sportif qui consiste \u00e0 viser et marquer dans une minuscule fen\u00eatre, fix\u00e9e \u00e0 un mur portatif.<\/p>\n<p>Niveau p\u00e9tanque, l\u2019\u00e9quipe du compte Instagram des Memes Marseillais anime un mini-tournoi, et promet quelques \u00ab\u00a0surprises\u00a0\u00bb \u00e0 la cl\u00e9 pour les gagnants. Des ateliers de colorations pour cheveux et de tatouages \u00e9ph\u00e9m\u00e8res seront aussi pr\u00e9sents pour les plus cr\u00e9atifs. De leur c\u00f4t\u00e9, les enfants pourront s\u2019adonner \u00e0 du coloriage sur bois et \u00e0 divers jeux adapt\u00e9s.<\/p>\n<p>Feux d\u2019artifice et drones<\/p>\n<p>\u00c0 partir de 22h, l\u2019office de tourisme, des loisirs et des congr\u00e8s et la Ville de Marseille promet d\u2019en mettre plein les yeux en alliant drones et pyrotechnie. Pour ce show\u00a0de 20 minutes, le r\u00e9put\u00e9 Groupe F, qui avait mis le feu aux Jeux olympiques l\u2019an pass\u00e9, signera un \u00ab\u00a0ballet de drones accompagn\u00e9 d\u2019un feu d\u2019artifice\u00a0\u00bb, \u00e9galement visible du parvis de la Major pour cl\u00f4turer la soir\u00e9e en lumi\u00e8re.<strong\/><strong\/><strong\/><strong\/><strong\/><\/p>\n","protected":false},"excerpt":{"rendered":"Karaok\u00e9, p\u00e9tanque, spectacles de drones et food-trucks\u00a0: \u00e0 l\u2019occasion du week-end de l\u2019Assomption, la Ville de Marseille organise&hellip;\n","protected":false},"author":2,"featured_media":316989,"comment_status":"","ping_status":"","sticky":false,"template":"","format":"standard","meta":{"footnotes":""},"categories":[2814],"tags":[17,1111,11,2863,2024,1777,674,1011,27,19846,2831,884,12,6426,471,882,25,3140],"class_list":{"0":"post-316988","1":"post","2":"type-post","3":"status-publish","4":"format-standard","5":"has-post-thumbnail","7":"category-marseille","8":"tag-17","9":"tag-actu","10":"tag-actualites","11":"tag-aout","12":"tag-drones","13":"tag-eu","14":"tag-europe","15":"tag-fr","16":"tag-france","17":"tag-karaoke","18":"tag-loisirs-traditions","19":"tag-marseille","20":"tag-news","21":"tag-petanque","22":"tag-pour","23":"tag-provence-alpes-cote-dazur","24":"tag-republique-francaise","25":"tag-spectacle"},"share_on_mastodon":{"url":"https:\/\/pubeurope.com\/@fr\/115023178920050274","error":""},"_links":{"self":[{"href":"https:\/\/www.europesays.com\/fr\/wp-json\/wp\/v2\/posts\/316988","targetHints":{"allow":["GET"]}}],"collection":[{"href":"https:\/\/www.europesays.com\/fr\/wp-json\/wp\/v2\/posts"}],"about":[{"href":"https:\/\/www.europesays.com\/fr\/wp-json\/wp\/v2\/types\/post"}],"author":[{"embeddable":true,"href":"https:\/\/www.europesays.com\/fr\/wp-json\/wp\/v2\/users\/2"}],"replies":[{"embeddable":true,"href":"https:\/\/www.europesays.com\/fr\/wp-json\/wp\/v2\/comments?post=316988"}],"version-history":[{"count":0,"href":"https:\/\/www.europesays.com\/fr\/wp-json\/wp\/v2\/posts\/316988\/revisions"}],"wp:featuredmedia":[{"embeddable":true,"href":"https:\/\/www.europesays.com\/fr\/wp-json\/wp\/v2\/media\/316989"}],"wp:attachment":[{"href":"https:\/\/www.europesays.com\/fr\/wp-json\/wp\/v2\/media?parent=316988"}],"wp:term":[{"taxonomy":"category","embeddable":true,"href":"https:\/\/www.europesays.com\/fr\/wp-json\/wp\/v2\/categories?post=316988"},{"taxonomy":"post_tag","embeddable":true,"href":"https:\/\/www.europesays.com\/fr\/wp-json\/wp\/v2\/tags?post=316988"}],"curies":[{"name":"wp","href":"https:\/\/api.w.org\/{rel}","templated":true}]}}