{"id":316990,"date":"2025-08-13T19:46:09","date_gmt":"2025-08-13T19:46:09","guid":{"rendered":"https:\/\/www.europesays.com\/fr\/316990\/"},"modified":"2025-08-13T19:46:09","modified_gmt":"2025-08-13T19:46:09","slug":"un-tir-de-mortier-dartifice-provoque-une-explosion-dans-un-appartement-a-marseille-une-nonagenaire-en-etat-de-choc","status":"publish","type":"post","link":"https:\/\/www.europesays.com\/fr\/316990\/","title":{"rendered":"un tir de mortier d&rsquo;artifice provoque une explosion dans un appartement \u00e0 Marseille, une nonag\u00e9naire en \u00e9tat de choc"},"content":{"rendered":"<p>Une nonag\u00e9naire a \u00e9t\u00e9 transport\u00e9e en \u00e9tat de choc \u00e0 l&rsquo;h\u00f4pital \u00e0 Marseille, apr\u00e8s un tir de mortier d&rsquo;artifice qui a provoqu\u00e9 des d\u00e9g\u00e2ts dans le logement de la victime.<\/p>\n<p>Une femme de 92 ans a \u00e9t\u00e9 transport\u00e9e en \u00e9tat de choc ce mercredi 13 ao\u00fbt au matin, \u00e0 l&rsquo;h\u00f4pital de la Timone, \u00e0 Marseille. En cause: un tir de mortier d&rsquo;artifice qui a provoqu\u00e9 une explosion dans un appartement du 9e arrondissement de la cit\u00e9 phoc\u00e9enne, dont la d\u00e9flagration a \u00e9t\u00e9 entendue \u00e0 plusieurs kilom\u00e8tres \u00e0 la ronde. Celle-ci a provoqu\u00e9 des d\u00e9g\u00e2ts sur la fa\u00e7ade de l&rsquo;immeuble, mais aussi \u00e0 l&rsquo;int\u00e9rieur du logement de la nonag\u00e9naire.<\/p>\n<blockquote class=\"embed embed_quote\"><p>\u00ab\u00a0Tous les meubles ont explos\u00e9 dans la salle \u00e0 manger, tout est cass\u00e9, les murs en cloison sont fissur\u00e9s\u00a0\u00bb, selon Richard, le fils de la victime \u00e0 BFMTV.<\/p><\/blockquote>\n<p>Il raconte que \u00ab\u00a0(s)a m\u00e8re sortait \u00e0 peine de son balcon apr\u00e8s son petit-d\u00e9jeuner\u00a0\u00bb. \u00ab\u00a0Elle se dirigeait vers la porte d&rsquo;entr\u00e9e. Elle a eu \u00e9norm\u00e9ment de chance!\u00a0\u00bb, poursuit-il \u00e0 BFMTV.<\/p>\n<p>Une enqu\u00eate ouverte<\/p>\n<p>La victime n&rsquo;a pas \u00e9t\u00e9 physiquement bless\u00e9e et est depuis sortie de l&rsquo;h\u00f4pital. Sa famille a port\u00e9 plainte. \u00ab\u00a0C&rsquo;est un tir de mortier d&rsquo;artifice qui est \u00e0 l&rsquo;origine du sinistre, on ignore si c&rsquo;est accidentel ou volontaire. L&rsquo;objet a atterri sur le balcon.\u00a0\u00bb, expliquent \u00e0 BFMTV les marins-pompiers. Une trentaine d&rsquo;entre eux ont \u00e9t\u00e9 mobilis\u00e9s sur cette intervention, o\u00f9 les secours et les forces de l&rsquo;ordre ont constat\u00e9 une odeur de poudre.<\/p>\n<p>Le parquet indiqu\u00e9 \u00e0 BFMTV qu&rsquo;une enqu\u00eate pour d\u00e9gradation volontaire par moyens dangereux et blessures volontaires a \u00e9t\u00e9 ouverte.<\/p>\n<p>Boris Kharlamoff, avec Matthieu Heyman<\/p>\n","protected":false},"excerpt":{"rendered":"Une nonag\u00e9naire a \u00e9t\u00e9 transport\u00e9e en \u00e9tat de choc \u00e0 l&rsquo;h\u00f4pital \u00e0 Marseille, apr\u00e8s un tir de mortier&hellip;\n","protected":false},"author":2,"featured_media":4788,"comment_status":"","ping_status":"","sticky":false,"template":"","format":"standard","meta":{"footnotes":""},"categories":[2814],"tags":[1111,11,1777,674,1011,27,884,12,882,25],"class_list":{"0":"post-316990","1":"post","2":"type-post","3":"status-publish","4":"format-standard","5":"has-post-thumbnail","7":"category-marseille","8":"tag-actu","9":"tag-actualites","10":"tag-eu","11":"tag-europe","12":"tag-fr","13":"tag-france","14":"tag-marseille","15":"tag-news","16":"tag-provence-alpes-cote-dazur","17":"tag-republique-francaise"},"share_on_mastodon":{"url":"https:\/\/pubeurope.com\/@fr\/115023182807604106","error":""},"_links":{"self":[{"href":"https:\/\/www.europesays.com\/fr\/wp-json\/wp\/v2\/posts\/316990","targetHints":{"allow":["GET"]}}],"collection":[{"href":"https:\/\/www.europesays.com\/fr\/wp-json\/wp\/v2\/posts"}],"about":[{"href":"https:\/\/www.europesays.com\/fr\/wp-json\/wp\/v2\/types\/post"}],"author":[{"embeddable":true,"href":"https:\/\/www.europesays.com\/fr\/wp-json\/wp\/v2\/users\/2"}],"replies":[{"embeddable":true,"href":"https:\/\/www.europesays.com\/fr\/wp-json\/wp\/v2\/comments?post=316990"}],"version-history":[{"count":0,"href":"https:\/\/www.europesays.com\/fr\/wp-json\/wp\/v2\/posts\/316990\/revisions"}],"wp:featuredmedia":[{"embeddable":true,"href":"https:\/\/www.europesays.com\/fr\/wp-json\/wp\/v2\/media\/4788"}],"wp:attachment":[{"href":"https:\/\/www.europesays.com\/fr\/wp-json\/wp\/v2\/media?parent=316990"}],"wp:term":[{"taxonomy":"category","embeddable":true,"href":"https:\/\/www.europesays.com\/fr\/wp-json\/wp\/v2\/categories?post=316990"},{"taxonomy":"post_tag","embeddable":true,"href":"https:\/\/www.europesays.com\/fr\/wp-json\/wp\/v2\/tags?post=316990"}],"curies":[{"name":"wp","href":"https:\/\/api.w.org\/{rel}","templated":true}]}}