{"id":316991,"date":"2025-08-13T19:47:13","date_gmt":"2025-08-13T19:47:13","guid":{"rendered":"https:\/\/www.europesays.com\/fr\/316991\/"},"modified":"2025-08-13T19:47:13","modified_gmt":"2025-08-13T19:47:13","slug":"lyon-un-homme-se-presente-aux-urgences-avec-trois-balles-dans-le-corps","status":"publish","type":"post","link":"https:\/\/www.europesays.com\/fr\/316991\/","title":{"rendered":"Lyon. Un homme se pr\u00e9sente aux urgences avec trois balles dans le corps"},"content":{"rendered":"<p>Gri\u00e8vement bless\u00e9, mais capable de marcher, un homme d\u2019une trentaine d\u2019ann\u00e9es s\u2019est pr\u00e9sent\u00e9 \u00e0 pied aux urgences de la clinique de la Sauvegarde, dans le 9\u1d49 arrondissement de Lyon, vers 4 h 30 du matin, ce mercredi 13 ao\u00fbt.<\/p>\n<p>Il \u00e9tait accompagn\u00e9 de sa compagne au moment o\u00f9 il a \u00e9t\u00e9 pris en charge avant d\u2019\u00eatre ensuite transf\u00e9r\u00e9 par le Samu vers un autre \u00e9tablissement hospitalier.<\/p>\n<p>  Pas d\u2019enqu\u00eate en cours <\/p>\n<p>Selon les informations recueillies sur place par Le Progr\u00e8s , trois balles \u00e9taient log\u00e9es dans son corps, dont une au niveau des jambes. Contact\u00e9s, les services de police ont indiqu\u00e9 ne pas avoir d\u2019enqu\u00eate en cours relative \u00e0 ces faits.<\/p>\n","protected":false},"excerpt":{"rendered":"Gri\u00e8vement bless\u00e9, mais capable de marcher, un homme d\u2019une trentaine d\u2019ann\u00e9es s\u2019est pr\u00e9sent\u00e9 \u00e0 pied aux urgences de&hellip;\n","protected":false},"author":2,"featured_media":316992,"comment_status":"","ping_status":"","sticky":false,"template":"","format":"standard","meta":{"footnotes":""},"categories":[1889],"tags":[1111,11,2430,271,272,2757,1777,674,274,107,1011,27,2428,2756,12,25,2429],"class_list":{"0":"post-316991","1":"post","2":"type-post","3":"status-publish","4":"format-standard","5":"has-post-thumbnail","7":"category-lyon","8":"tag-actu","9":"tag-actualites","10":"tag-auvergne-rhone-alpes","11":"tag-crime","12":"tag-delit-et-contravention","13":"tag-edition-lyon-villeurbanne","14":"tag-eu","15":"tag-europe","16":"tag-faits-divers-justice","17":"tag-fil-info","18":"tag-fr","19":"tag-france","20":"tag-lyon","21":"tag-lyon-bassin","22":"tag-news","23":"tag-republique-francaise","24":"tag-rhone"},"share_on_mastodon":{"url":"https:\/\/pubeurope.com\/@fr\/115023186806299177","error":""},"_links":{"self":[{"href":"https:\/\/www.europesays.com\/fr\/wp-json\/wp\/v2\/posts\/316991","targetHints":{"allow":["GET"]}}],"collection":[{"href":"https:\/\/www.europesays.com\/fr\/wp-json\/wp\/v2\/posts"}],"about":[{"href":"https:\/\/www.europesays.com\/fr\/wp-json\/wp\/v2\/types\/post"}],"author":[{"embeddable":true,"href":"https:\/\/www.europesays.com\/fr\/wp-json\/wp\/v2\/users\/2"}],"replies":[{"embeddable":true,"href":"https:\/\/www.europesays.com\/fr\/wp-json\/wp\/v2\/comments?post=316991"}],"version-history":[{"count":0,"href":"https:\/\/www.europesays.com\/fr\/wp-json\/wp\/v2\/posts\/316991\/revisions"}],"wp:featuredmedia":[{"embeddable":true,"href":"https:\/\/www.europesays.com\/fr\/wp-json\/wp\/v2\/media\/316992"}],"wp:attachment":[{"href":"https:\/\/www.europesays.com\/fr\/wp-json\/wp\/v2\/media?parent=316991"}],"wp:term":[{"taxonomy":"category","embeddable":true,"href":"https:\/\/www.europesays.com\/fr\/wp-json\/wp\/v2\/categories?post=316991"},{"taxonomy":"post_tag","embeddable":true,"href":"https:\/\/www.europesays.com\/fr\/wp-json\/wp\/v2\/tags?post=316991"}],"curies":[{"name":"wp","href":"https:\/\/api.w.org\/{rel}","templated":true}]}}