{"id":316993,"date":"2025-08-13T19:48:11","date_gmt":"2025-08-13T19:48:11","guid":{"rendered":"https:\/\/www.europesays.com\/fr\/316993\/"},"modified":"2025-08-13T19:48:11","modified_gmt":"2025-08-13T19:48:11","slug":"la-gare-de-lyon-part-dieu-paralysee-apres-un-probleme-electrique","status":"publish","type":"post","link":"https:\/\/www.europesays.com\/fr\/316993\/","title":{"rendered":"La gare de Lyon Part-Dieu paralys\u00e9e apr\u00e8s un probl\u00e8me \u00e9lectrique"},"content":{"rendered":"<p>Une panne sur un train Trenitalia a engendr\u00e9 mercredi une coupure \u00e9lectrique totale du r\u00e9seau, entra\u00eenant l\u2019arr\u00eat de toute circulation ferroviaire en fin d\u2019apr\u00e8s-midi.<\/p>\n<p class=\"fig-paragraph\">La gare de Lyon Part-Dieu a \u00e9t\u00e9 totalement paralys\u00e9e, mercredi, sous une chaleur \u00e9crasante et en pleine p\u00e9riode de transit estival.<\/p>\n<p class=\"fig-paragraph\">Une panne \u00e9lectrique due \u00e0 un probl\u00e8me technique non li\u00e9 aux temp\u00e9ratures \u00e9lev\u00e9es sur un train\u00a0<a href=\"http:\/\/www.lefigaro.fr\/voyages\/guides\/c-est-moins-cher-que-la-sncf-et-le-service-est-top-dans-le-premier-paris-marseille-de-trenitalia-des-voyageurs-conquis-20250615\" data-fig-type=\"Article\" data-gtm-custom-categorie=\"navigation\" data-gtm-custom-action=\"crossclick\" data-gtm-custom-label=\"Contextuel\" data-gtm-event=\"customEventSPE\" data-fig-domain=\"LEFIGARO\" target=\"_blank\" rel=\"noopener\">Trenitalia<\/a>\u00a0a provoqu\u00e9 une interruption totale du trafic en gare de Lyon Part-Dieu mercredi, en fin d\u2019apr\u00e8s-midi, affectant de nombreux passagers.<\/p>\n<p>                                    <a class=\"fig-a11y-skip a11y-hidden\" href=\"#fig-a11y-skip-main-inarticle\"><br \/>\n        Passer la publicit\u00e9<br \/>\n    <\/a><\/p>\n<p class=\"fig-paragraph\">Un usager, pr\u00e9sent sur le quai et interrog\u00e9 par nos confr\u00e8res du\u00a0<a href=\"https:\/\/www.leprogres.fr\/transport\/2025\/08\/13\/pagaille-a-la-part-dieu-la-circulation-des-trains-totalement-interrompue\" target=\"_blank\" rel=\"sponsored noopener\" data-gtm-custom-categorie=\"navigation\" data-gtm-custom-action=\"crossclick\" data-gtm-custom-label=\"Contextuel\" data-gtm-event=\"customEventSPE\">Progr\u00e8s<\/a> \u00a0a confirm\u00e9 qu\u2019un \u00able pantographe, le bras articul\u00e9 situ\u00e9 sur le toit du train qui permet de capter la haute tension de la cat\u00e9naire, s\u2019est cass\u00e9.\u00bb Plusieurs trains ont d\u00fb ainsi \u00eatre stopp\u00e9s en pleine voie jusqu\u2019au r\u00e9tablissement du courant, dans des rames parfois d\u00e9pourvues de climatisation avec des temp\u00e9ratures flirtant les 40\u00b0C.<\/p>\n<p class=\"fig-paragraph\">Ce n\u2019est qu\u2019aux alentours de 18h30 que l\u2019alimentation \u00e9lectrique a pu \u00eatre r\u00e9tablie. La \u00abreprise progressive\u00bb du trafic est actuellement en cours et des retards allant jusqu\u2019\u00e0 1h30 sont \u00e0 pr\u00e9voir. Des \u00abperturbations\u00bb demeurent autour de Lyon, a indiqu\u00e9 la SNCF TER AURA sur X.<\/p>\n","protected":false},"excerpt":{"rendered":"Une panne sur un train Trenitalia a engendr\u00e9 mercredi une coupure \u00e9lectrique totale du r\u00e9seau, entra\u00eenant l\u2019arr\u00eat de&hellip;\n","protected":false},"author":2,"featured_media":316994,"comment_status":"","ping_status":"","sticky":false,"template":"","format":"standard","meta":{"footnotes":""},"categories":[1889],"tags":[1111,11,5273,2430,5299,5272,5312,5296,5285,1777,674,5293,1011,27,5303,5311,5301,5279,5275,5313,5276,5300,5302,5280,5298,5281,5306,5305,5308,5309,5284,5294,5297,5269,5271,5268,5270,5267,2428,5295,5307,5277,5304,5283,12,978,5274,25,2431,5314,5288,5292,5289,5291,5290,5315,5282,5286,5310,5287,5278],"class_list":{"0":"post-316993","1":"post","2":"type-post","3":"status-publish","4":"format-standard","5":"has-post-thumbnail","7":"category-lyon","8":"tag-actu","9":"tag-actualites","10":"tag-ainay","11":"tag-auvergne-rhone-alpes","12":"tag-bellecombe","13":"tag-bellecour","14":"tag-champvert-nord","15":"tag-champvert-sud","16":"tag-clos-jouve","17":"tag-eu","18":"tag-europe","19":"tag-fourviere","20":"tag-fr","21":"tag-france","22":"tag-gerland","23":"tag-gorge-de-loup","24":"tag-jean-mace","25":"tag-la-buire","26":"tag-la-confluence","27":"tag-la-duchere","28":"tag-la-guillotiere-nord-prefecture","29":"tag-la-guillotiere-sud","30":"tag-la-mouche","31":"tag-la-part-dieu","32":"tag-la-tete-dor","33":"tag-la-villette","34":"tag-laennec","35":"tag-le-bachut","36":"tag-le-grand-trou","37":"tag-le-moulin-a-vent","38":"tag-le-plateau-de-la-croix-rousse","39":"tag-le-point-du-jour","40":"tag-les-brotteaux","41":"tag-les-chartreux","42":"tag-les-cordeliers","43":"tag-les-pentes-de-la-croix-rousse","44":"tag-les-terreaux","45":"tag-les-traboules","46":"tag-lyon","47":"tag-menival","48":"tag-mermoz","49":"tag-moncey","50":"tag-monplaisir","51":"tag-montchat","52":"tag-news","53":"tag-olympique-lyonnais","54":"tag-perrache","55":"tag-republique-francaise","56":"tag-rhone-alpes","57":"tag-rochecardon-industrie","58":"tag-saint-georges","59":"tag-saint-irenee","60":"tag-saint-jean","61":"tag-saint-just","62":"tag-saint-paul","63":"tag-saint-rambert-lile-barbe","64":"tag-sans-souci-dauphine","65":"tag-serin-saint-charles","66":"tag-vaise","67":"tag-vieux-lyon","68":"tag-voltaire"},"share_on_mastodon":{"url":"","error":"Validation failed: Text character limit of 500 exceeded"},"_links":{"self":[{"href":"https:\/\/www.europesays.com\/fr\/wp-json\/wp\/v2\/posts\/316993","targetHints":{"allow":["GET"]}}],"collection":[{"href":"https:\/\/www.europesays.com\/fr\/wp-json\/wp\/v2\/posts"}],"about":[{"href":"https:\/\/www.europesays.com\/fr\/wp-json\/wp\/v2\/types\/post"}],"author":[{"embeddable":true,"href":"https:\/\/www.europesays.com\/fr\/wp-json\/wp\/v2\/users\/2"}],"replies":[{"embeddable":true,"href":"https:\/\/www.europesays.com\/fr\/wp-json\/wp\/v2\/comments?post=316993"}],"version-history":[{"count":0,"href":"https:\/\/www.europesays.com\/fr\/wp-json\/wp\/v2\/posts\/316993\/revisions"}],"wp:featuredmedia":[{"embeddable":true,"href":"https:\/\/www.europesays.com\/fr\/wp-json\/wp\/v2\/media\/316994"}],"wp:attachment":[{"href":"https:\/\/www.europesays.com\/fr\/wp-json\/wp\/v2\/media?parent=316993"}],"wp:term":[{"taxonomy":"category","embeddable":true,"href":"https:\/\/www.europesays.com\/fr\/wp-json\/wp\/v2\/categories?post=316993"},{"taxonomy":"post_tag","embeddable":true,"href":"https:\/\/www.europesays.com\/fr\/wp-json\/wp\/v2\/tags?post=316993"}],"curies":[{"name":"wp","href":"https:\/\/api.w.org\/{rel}","templated":true}]}}