{"id":316995,"date":"2025-08-13T19:49:13","date_gmt":"2025-08-13T19:49:13","guid":{"rendered":"https:\/\/www.europesays.com\/fr\/316995\/"},"modified":"2025-08-13T19:49:13","modified_gmt":"2025-08-13T19:49:13","slug":"des-restrictions-de-circulation-a-partir-de-jeudi-en-ile-de-france","status":"publish","type":"post","link":"https:\/\/www.europesays.com\/fr\/316995\/","title":{"rendered":"des restrictions de circulation \u00e0 partir de jeudi en Ile-de-France"},"content":{"rendered":"<p>                          <img loading=\"lazy\" decoding=\"async\" src=\"https:\/\/www.europesays.com\/fr\/wp-content\/uploads\/2025\/08\/0034883_2024-10-16t160644z-59025839-rc2qlaaa5mtz-rtrmadp-3-france-bicycles.JPG\" alt=\"A Paris, le 16\u00a0octobre 2024.\"   width=\"664\" height=\"443\"\/>    A Paris, le 16\u00a0octobre 2024.  SARAH MEYSSONNIER \/ REUTERS                        <\/p>\n<p class=\"article__paragraph  \">Des restrictions de circulation vont \u00eatre mises en place \u00e0 partir de jeudi 14\u00a0ao\u00fbt sur les routes d\u2019Ile-de-France, <a href=\"https:\/\/www.lemonde.fr\/planete\/article\/2025\/08\/12\/la-canicule-fait-de-nouveau-suffoquer-la-france-43-c-franchement-je-savais-a-peine-que-cela-existait_6628333_3244.html\" target=\"_blank\" rel=\"noopener nofollow\" title=\"Nouvelle fen\u00eatre\">actuellement en vigilance orange canicule<\/a> et touch\u00e9e par un \u00e9pisode de pollution \u00e0 l\u2019ozone \u00ab\u00a0persistant\u00a0\u00bb, <a href=\"https:\/\/www.prefecturedepolice.interieur.gouv.fr\/sites\/default\/files\/Documents\/decision_ndeg2025-033_du_13_aout_2025_pollution_ozone_signee.pdf\" target=\"_blank\" rel=\"noopener nofollow\" title=\"Nouvelle fen\u00eatre\">a annonc\u00e9 la Pr\u00e9fecture de police de Paris<\/a>, mercredi 13\u00a0ao\u00fbt.<\/p>\n<p class=\"article__paragraph  \">Entre 5\u00a0h\u00a030 et minuit, la vitesse maximale autoris\u00e9e sera d\u00e9sormais de 110\u00a0kilom\u00e8tres \u00e0 l\u2019heure (km\/h) pour les portions d\u2019autoroute limit\u00e9es normalement \u00e0 130\u00a0km\/h. Les autoroutes et routes limit\u00e9es \u00e0 110\u00a0km\/h passeront \u00e0 90\u00a0km\/h, et celles \u00e0 90 ou 80\u00a0km\/h passeront \u00e0 70\u00a0km\/h, <a href=\"https:\/\/www.prefecturedepolice.interieur.gouv.fr\/sites\/default\/files\/Documents\/cp_pp_13082025_pollution_a_l_ozone_o3_prevision_de_persistance_de_l_episode_de_pollution_et_mise_en_place_de_mesures_restrictives.pdf\" target=\"_blank\" rel=\"noopener nofollow\" title=\"Nouvelle fen\u00eatre\">\u00e9crit la Pr\u00e9fecture dans un communiqu\u00e9<\/a>. Les v\u00e9hicules de plus de 3,5\u00a0tonnes auront l\u2019obligation de contourner la capitale en empruntant la rocade francilienne.<\/p>\n<p class=\"article__paragraph  \">Ces mesures resteront en vigueur jusqu\u2019\u00e0 leur lev\u00e9e par d\u00e9cision pr\u00e9fectorale, pr\u00e9cise le communiqu\u00e9.<\/p>\n<p>                  \u00ab\u00a0Persistance\u00a0\u00bb de l\u2019\u00e9pisode de pollution                  <\/p>\n<p class=\"article__paragraph  \">Elles visent \u00e0 r\u00e9duire les \u00e9missions de polluants dans l\u2019atmosph\u00e8re, alors qu\u2019Airparif, une association qui surveille la qualit\u00e9 de l\u2019air en Ile-de-France,<a href=\"https:\/\/www.airparif.fr\/bulletin-special?d=today\" target=\"_blank\" rel=\"noopener nofollow\" title=\"Nouvelle fen\u00eatre\"> pr\u00e9voit une \u00ab\u00a0persistance\u00a0\u00bb de l\u2019\u00e9pisode de pollution \u00e0 l\u2019ozone<\/a> qui a d\u00e9but\u00e9 mercredi dans le d\u00e9partement. Il \u00ab\u00a0peut constituer un risque pour la sant\u00e9\u00a0\u00bb, souligne la Pr\u00e9fecture.<\/p>\n<p class=\"article__paragraph  \"><a href=\"https:\/\/www.lemonde.fr\/planete\/article\/2025\/08\/13\/canicule-cinq-departements-toujours-en-alerte-maximale-la-vallee-du-rhone-accables-par-une-chaleur-intense_6628891_3244.html\" rel=\"nofollow noopener\" target=\"_blank\">La France est touch\u00e9e par la canicule depuis plusieurs jours<\/a>, une large partie du pays se trouvant en vigilance orange, et plusieurs d\u00e9partements, en vigilance rouge, en particulier dans la moiti\u00e9 sud.<\/p>\n<p class=\"article__paragraph  \">Les op\u00e9rations de br\u00fblage \u00e0 l\u2019air libre sont \u00e9galement interdites jusqu\u2019\u00e0 nouvel ordre, et les travaux d\u2019entretien ou de nettoyage qui \u00e9mettent des compos\u00e9s organiques volatils, en faisant usage, par exemple, d\u2019outils \u00e0 moteur thermique, de solvants, de vernis, de colles ou de peintures, doivent \u00eatre report\u00e9s, selon la Pr\u00e9fecture.<\/p>\n<p class=\"article__paragraph  \">Celle-ci recommande par ailleurs de limiter les d\u00e9placements en voiture, ainsi que l\u2019exposition \u00e0 la pollution, notamment pour les personnes vuln\u00e9rables.<\/p>\n<p>                                     Lire aussi |  Article r\u00e9serv\u00e9 \u00e0 nos abonn\u00e9s  <a href=\"https:\/\/www.lemonde.fr\/planete\/article\/2025\/06\/30\/la-canicule-s-accompagne-d-un-episode-intense-de-pollution-a-l-ozone-sur-une-vaste-partie-de-la-france_6616992_3244.html\" class=\"js-article-read-also catcher--favoris__link\" data-premium=\"1\" id=\"article-title-3429420\" rel=\"nofollow noopener\" target=\"_blank\">La canicule s\u2019accompagne d\u2019un \u00e9pisode intense de pollution \u00e0 l\u2019ozone sur une vaste partie de la France<\/a>    <\/p>\n<p>   Lire plus tard  <\/p>\n<p class=\"author__detail\">  Le Monde avec AFP  <\/p>\n<p>                  <a href=\"https:\/\/www.lemonde.fr\/syndication\/\" class=\"reuse__content\" title=\"R\u00e9utiliser ce contenu\" target=\"_blank\" rel=\"nofollow noopener\">R\u00e9utiliser ce contenu<\/a>      <\/p>\n","protected":false},"excerpt":{"rendered":"A Paris, le 16\u00a0octobre 2024. SARAH MEYSSONNIER \/ REUTERS Des restrictions de circulation vont \u00eatre mises en place&hellip;\n","protected":false},"author":2,"featured_media":316996,"comment_status":"","ping_status":"","sticky":false,"template":"","format":"standard","meta":{"footnotes":""},"categories":[1592],"tags":[1111,11,1777,674,1011,27,662,12,626,25],"class_list":{"0":"post-316995","1":"post","2":"type-post","3":"status-publish","4":"format-standard","5":"has-post-thumbnail","7":"category-ile-de-france","8":"tag-actu","9":"tag-actualites","10":"tag-eu","11":"tag-europe","12":"tag-fr","13":"tag-france","14":"tag-ile-de-france","15":"tag-news","16":"tag-paris","17":"tag-republique-francaise"},"share_on_mastodon":{"url":"https:\/\/pubeurope.com\/@fr\/115023194679545732","error":""},"_links":{"self":[{"href":"https:\/\/www.europesays.com\/fr\/wp-json\/wp\/v2\/posts\/316995","targetHints":{"allow":["GET"]}}],"collection":[{"href":"https:\/\/www.europesays.com\/fr\/wp-json\/wp\/v2\/posts"}],"about":[{"href":"https:\/\/www.europesays.com\/fr\/wp-json\/wp\/v2\/types\/post"}],"author":[{"embeddable":true,"href":"https:\/\/www.europesays.com\/fr\/wp-json\/wp\/v2\/users\/2"}],"replies":[{"embeddable":true,"href":"https:\/\/www.europesays.com\/fr\/wp-json\/wp\/v2\/comments?post=316995"}],"version-history":[{"count":0,"href":"https:\/\/www.europesays.com\/fr\/wp-json\/wp\/v2\/posts\/316995\/revisions"}],"wp:featuredmedia":[{"embeddable":true,"href":"https:\/\/www.europesays.com\/fr\/wp-json\/wp\/v2\/media\/316996"}],"wp:attachment":[{"href":"https:\/\/www.europesays.com\/fr\/wp-json\/wp\/v2\/media?parent=316995"}],"wp:term":[{"taxonomy":"category","embeddable":true,"href":"https:\/\/www.europesays.com\/fr\/wp-json\/wp\/v2\/categories?post=316995"},{"taxonomy":"post_tag","embeddable":true,"href":"https:\/\/www.europesays.com\/fr\/wp-json\/wp\/v2\/tags?post=316995"}],"curies":[{"name":"wp","href":"https:\/\/api.w.org\/{rel}","templated":true}]}}