{"id":316997,"date":"2025-08-13T19:50:12","date_gmt":"2025-08-13T19:50:12","guid":{"rendered":"https:\/\/www.europesays.com\/fr\/316997\/"},"modified":"2025-08-13T19:50:12","modified_gmt":"2025-08-13T19:50:12","slug":"face-a-un-episode-de-pollution-a-lozone-la-prefecture-dile-de-france-restreint-la-circulation-des-jeudi","status":"publish","type":"post","link":"https:\/\/www.europesays.com\/fr\/316997\/","title":{"rendered":"face \u00e0 un \u00e9pisode de pollution \u00e0 l&rsquo;ozone, la pr\u00e9fecture d&rsquo;Ile-de-France restreint la circulation d\u00e8s jeudi"},"content":{"rendered":"<p class=\"c-chapo \">\n  Entre 5h30 et minuit, la vitesse maximale autoris\u00e9e sera d\u00e9sormais de 110 km\/h pour les portions d&rsquo;autoroutes limit\u00e9es normalement \u00e0 130 km\/h. Les autouroutes\/routes \u00e0 110 km\/h passeront \u00e0 90 km\/h, et celles \u00e0 90 ou 80 km\/h passeront \u00e0 70 km\/h.\n<\/p>\n<p>            lire plus tard<\/p>\n<p id=\"dialog__title\" class=\"dialog__title\">Pour sauvegarder cet article, connectez-vous ou cr\u00e9ez un compte franceinfo<\/p>\n<p class=\"dialog__description\">Sans paiement. Sans abonnement.<\/p>\n<p>        Fermer la fen\u00eatre d\u2019activation des notifications France Info<\/p>\n<p>            cr\u00e9er votre compte<\/p>\n<p>            se connecter<\/p>\n<p>        Fermer la fen\u00eatre de pr\u00e9sentation<\/p>\n<p>    <img loading=\"lazy\" decoding=\"async\" class=\"signature__image lazyload\" width=\"100\" height=\"100\" data- alt=\"\" src=\"https:\/\/www.europesays.com\/fr\/wp-content\/uploads\/2025\/05\/64a68815cd1a7_placeholder-36b69ec8.png\"\/><\/p>\n<p>    Publi\u00e9 le 13\/08\/2025 21:24<\/p>\n<p>        Temps de lecture : 1min<\/p>\n<p>    <img decoding=\"async\"  alt=\"Le p\u00e9riph\u00e9rique parisien, le 11 juin 2025. (THOMAS SAMSON \/ AFP)\" width=\"432\" height=\"243\" src=\"https:\/\/www.europesays.com\/fr\/wp-content\/uploads\/2025\/08\/000-49wg7bp-689ce635d2443696965726.jpg\" fetchpriority=\"high\"\/><\/p>\n<p>      Le p\u00e9riph\u00e9rique parisien, le 11 juin 2025. (THOMAS SAMSON \/ AFP)<\/p>\n<p>Une cons\u00e9quence de <a href=\"https:\/\/www.franceinfo.fr\/environnement\/evenements-meteorologiques-extremes\/vagues-de-chaleur-canicules\/video-canicule-comment-sont-enregistres-les-records-de-temperature_7433566.html\" rel=\"nofollow noopener\" target=\"_blank\">la chaleur actuelle<\/a>. En raison d&rsquo;un \u00e9pisode de pollution \u00ab\u00a0persistant\u00a0\u00bb \u00e0 l&rsquo;ozone, des restrictions de circulation vont \u00eatre mises en place \u00e0 partir de jeudi 14 ao\u00fbt sur les routes d&rsquo;Ile-de-France, a annonc\u00e9 mercredi la pr\u00e9fecture de police de Paris.<\/p>\n<p>Entre 5h30 et minuit, la vitesse maximale autoris\u00e9e sera d\u00e9sormais de 110 km\/h pour les portions d&rsquo;autoroutes limit\u00e9es normalement \u00e0 130 km\/h. Les autouroutes\/routes \u00e0 110 km\/h passeront \u00e0 90 km\/h, et celles \u00e0 90 ou 80 km\/h passeront \u00e0 70 km\/h, indique la pr\u00e9fecture dans un communiqu\u00e9. Les v\u00e9hicules de plus de 3,5 tonnes auront l&rsquo;obligation de contourner la capitale en empruntant la rocade francilienne.<\/p>\n<p>La pr\u00e9fecture recommande par ailleurs de limiter les d\u00e9placements en voiture, ainsi que l&rsquo;exposition \u00e0 la pollution, notamment des personnes vuln\u00e9rables.<\/p>\n<p>Les op\u00e9rations de br\u00fblage \u00e0 l&rsquo;air libre sont \u00e9galement interdites jusqu&rsquo;\u00e0 nouvel ordre et les travaux d&rsquo;entretien ou de nettoyage qui \u00e9mettent des compos\u00e9s organiques volatils, en faisant usage par exemple d&rsquo;outils \u00e0 moteur thermique, de solvants, vernis, colles ou peintures, doivent \u00eatre report\u00e9s, selon la pr\u00e9fecture.<\/p>\n<p>Ces mesures resteront en vigueur jusqu&rsquo;\u00e0 leur lev\u00e9e par d\u00e9cision pr\u00e9fectorale, pr\u00e9cise le communiqu\u00e9. Elles visent \u00e0 r\u00e9duire les \u00e9missions de polluants dans l&rsquo;atmosph\u00e8re, alors qu&rsquo;Airparif, une association qui surveille la qualit\u00e9 de l&rsquo;air en \u00cele-de-France, pr\u00e9voit une \u00ab\u00a0persistance\u00a0\u00bb de l&rsquo;\u00e9pisode de pollution \u00e0 l&rsquo;ozone d\u00e9but\u00e9 mercredi dans le d\u00e9partement. Celui-ci \u00ab\u00a0peut constituer un risque pour la sant\u00e9\u00a0\u00bb, souligne la pr\u00e9fecture.<\/p>\n<p class=\"related-tags__title\" role=\"heading\" aria-level=\"2\">les mots-cl\u00e9s associ\u00e9s \u00e0 cet article\n    <\/p>\n","protected":false},"excerpt":{"rendered":"Entre 5h30 et minuit, la vitesse maximale autoris\u00e9e sera d\u00e9sormais de 110 km\/h pour les portions d&rsquo;autoroutes limit\u00e9es&hellip;\n","protected":false},"author":2,"featured_media":316998,"comment_status":"","ping_status":"","sticky":false,"template":"","format":"standard","meta":{"footnotes":""},"categories":[1592],"tags":[1111,11,1777,674,1011,27,662,12,626,25],"class_list":{"0":"post-316997","1":"post","2":"type-post","3":"status-publish","4":"format-standard","5":"has-post-thumbnail","7":"category-ile-de-france","8":"tag-actu","9":"tag-actualites","10":"tag-eu","11":"tag-europe","12":"tag-fr","13":"tag-france","14":"tag-ile-de-france","15":"tag-news","16":"tag-paris","17":"tag-republique-francaise"},"share_on_mastodon":{"url":"https:\/\/pubeurope.com\/@fr\/115023198625758878","error":""},"_links":{"self":[{"href":"https:\/\/www.europesays.com\/fr\/wp-json\/wp\/v2\/posts\/316997","targetHints":{"allow":["GET"]}}],"collection":[{"href":"https:\/\/www.europesays.com\/fr\/wp-json\/wp\/v2\/posts"}],"about":[{"href":"https:\/\/www.europesays.com\/fr\/wp-json\/wp\/v2\/types\/post"}],"author":[{"embeddable":true,"href":"https:\/\/www.europesays.com\/fr\/wp-json\/wp\/v2\/users\/2"}],"replies":[{"embeddable":true,"href":"https:\/\/www.europesays.com\/fr\/wp-json\/wp\/v2\/comments?post=316997"}],"version-history":[{"count":0,"href":"https:\/\/www.europesays.com\/fr\/wp-json\/wp\/v2\/posts\/316997\/revisions"}],"wp:featuredmedia":[{"embeddable":true,"href":"https:\/\/www.europesays.com\/fr\/wp-json\/wp\/v2\/media\/316998"}],"wp:attachment":[{"href":"https:\/\/www.europesays.com\/fr\/wp-json\/wp\/v2\/media?parent=316997"}],"wp:term":[{"taxonomy":"category","embeddable":true,"href":"https:\/\/www.europesays.com\/fr\/wp-json\/wp\/v2\/categories?post=316997"},{"taxonomy":"post_tag","embeddable":true,"href":"https:\/\/www.europesays.com\/fr\/wp-json\/wp\/v2\/tags?post=316997"}],"curies":[{"name":"wp","href":"https:\/\/api.w.org\/{rel}","templated":true}]}}