{"id":316999,"date":"2025-08-13T19:51:12","date_gmt":"2025-08-13T19:51:12","guid":{"rendered":"https:\/\/www.europesays.com\/fr\/316999\/"},"modified":"2025-08-13T19:51:12","modified_gmt":"2025-08-13T19:51:12","slug":"sept-personnes-hospitalisees-dont-quatre-dans-un-etat-critique","status":"publish","type":"post","link":"https:\/\/www.europesays.com\/fr\/316999\/","title":{"rendered":"sept personnes hospitalis\u00e9es, dont quatre dans un \u00e9tat critique"},"content":{"rendered":"<p class=\"c-chapo \">\n  Parm elles, se trouve notamment un homme de 37 ans br\u00fbl\u00e9 sur 85% du corps.\n<\/p>\n<p>            lire plus tard<\/p>\n<p id=\"dialog__title\" class=\"dialog__title\">Pour sauvegarder cet article, connectez-vous ou cr\u00e9ez un compte franceinfo<\/p>\n<p class=\"dialog__description\">Sans paiement. Sans abonnement.<\/p>\n<p>        Fermer la fen\u00eatre d\u2019activation des notifications France Info<\/p>\n<p>            cr\u00e9er votre compte<\/p>\n<p>            se connecter<\/p>\n<p>        Fermer la fen\u00eatre de pr\u00e9sentation<\/p>\n<p>    <img loading=\"lazy\" decoding=\"async\" class=\"signature__image lazyload\" width=\"100\" height=\"100\" data- alt=\"\" src=\"https:\/\/www.europesays.com\/fr\/wp-content\/uploads\/2025\/05\/64a68815cd1a7_placeholder-36b69ec8.png\"\/><\/p>\n<p>    Publi\u00e9 le 13\/08\/2025 21:18<\/p>\n<p>        Temps de lecture : 1min<\/p>\n<p>    <img decoding=\"async\"  alt=\"Un incendie \u00e0 Las Medulas, en Espagne, le 12 ao\u00fbt 2025. (SAMUEL DE ROMAN PEREZ \/ ANADOLU \/ AFP)\" width=\"432\" height=\"243\" src=\"https:\/\/www.europesays.com\/fr\/wp-content\/uploads\/2025\/08\/068-aa-13082025-2369181-689ce4995d94f791931035.jpg\" fetchpriority=\"high\"\/><\/p>\n<p>      Un incendie \u00e0 Las Medulas, en Espagne, le 12 ao\u00fbt 2025. (SAMUEL DE ROMAN PEREZ \/ ANADOLU \/ AFP)<\/p>\n<p>Le bilan humain s&rsquo;alourdit. Sept personnes ont \u00e9t\u00e9 hospitalis\u00e9es mercredi 13 ao\u00fbt, dont quatre dans un \u00e9tat critique, en Castille-et-L\u00e9on, l&rsquo;une des r\u00e9gions d&rsquo;Espagne les plus touch\u00e9es par les incendies qui font rage depuis plusieurs jours dans le pays et <a href=\"https:\/\/www.franceinfo.fr\/monde\/espagne\/en-espagne-un-volontaire-meurt-en-luttant-contre-un-incendie_7432276.html\" rel=\"nofollow noopener\" target=\"_blank\">ont d\u00e9j\u00e0 fait deux morts<\/a>.<\/p>\n<p>Parmi les sept personnes dont l&rsquo;hospitalisation a \u00e9t\u00e9 annonc\u00e9e mercredi par le gouvernement r\u00e9gional de Castille-et-L\u00e9on, se trouve notamment un homme de 37 ans br\u00fbl\u00e9 sur 85% du corps. Les trois autres personnes dont l&rsquo;\u00e9tat est \u00e9galement consid\u00e9r\u00e9 comme critique sont une femme de 56 ans, br\u00fbl\u00e9e sur la moiti\u00e9 du corps, et deux hommes de 64 et 36 ans. C&rsquo;est dans cette m\u00eame r\u00e9gion d&rsquo;Espagne qu&rsquo;un volontaire de 35 ans avait trouv\u00e9 la mort mardi en luttant contre le feu. Plus de 8\u00a0000 personnes y ont \u00e9t\u00e9 \u00e9vacu\u00e9es de leurs maisons par pr\u00e9caution en raison de deux incendies dans les provinces de L\u00e9on et Zamora, selon les autorit\u00e9s.<\/p>\n<p>L&rsquo;autre r\u00e9gion o\u00f9 la situation est la plus pr\u00e9occupante est la Galice, o\u00f9 quelque 11\u00a0500 hectares ont d\u00e9j\u00e0 \u00e9t\u00e9 d\u00e9truits par les flammes, notamment dans la province d&rsquo;Ourense, o\u00f9 les pompiers ne parviennent pas \u00e0 mater un grand incendie \u00e0 Chandrexa de Queixa.<\/p>\n<p class=\"related-tags__title\" role=\"heading\" aria-level=\"2\">les mots-cl\u00e9s associ\u00e9s \u00e0 cet article\n    <\/p>\n","protected":false},"excerpt":{"rendered":"Parm elles, se trouve notamment un homme de 37 ans br\u00fbl\u00e9 sur 85% du corps. lire plus tard&hellip;\n","protected":false},"author":2,"featured_media":317000,"comment_status":"","ping_status":"","sticky":false,"template":"","format":"standard","meta":{"footnotes":""},"categories":[1888],"tags":[1111,1928,11,1927,1777,674,1011,27,12,1926,626,1925,25],"class_list":{"0":"post-316999","1":"post","2":"type-post","3":"status-publish","4":"format-standard","5":"has-post-thumbnail","7":"category-paris","8":"tag-actu","9":"tag-actu-paris","10":"tag-actualites","11":"tag-actualites-paris","12":"tag-eu","13":"tag-europe","14":"tag-fr","15":"tag-france","16":"tag-news","17":"tag-news-paris","18":"tag-paris","19":"tag-paris-news","20":"tag-republique-francaise"},"share_on_mastodon":{"url":"https:\/\/pubeurope.com\/@fr\/115023202641579556","error":""},"_links":{"self":[{"href":"https:\/\/www.europesays.com\/fr\/wp-json\/wp\/v2\/posts\/316999","targetHints":{"allow":["GET"]}}],"collection":[{"href":"https:\/\/www.europesays.com\/fr\/wp-json\/wp\/v2\/posts"}],"about":[{"href":"https:\/\/www.europesays.com\/fr\/wp-json\/wp\/v2\/types\/post"}],"author":[{"embeddable":true,"href":"https:\/\/www.europesays.com\/fr\/wp-json\/wp\/v2\/users\/2"}],"replies":[{"embeddable":true,"href":"https:\/\/www.europesays.com\/fr\/wp-json\/wp\/v2\/comments?post=316999"}],"version-history":[{"count":0,"href":"https:\/\/www.europesays.com\/fr\/wp-json\/wp\/v2\/posts\/316999\/revisions"}],"wp:featuredmedia":[{"embeddable":true,"href":"https:\/\/www.europesays.com\/fr\/wp-json\/wp\/v2\/media\/317000"}],"wp:attachment":[{"href":"https:\/\/www.europesays.com\/fr\/wp-json\/wp\/v2\/media?parent=316999"}],"wp:term":[{"taxonomy":"category","embeddable":true,"href":"https:\/\/www.europesays.com\/fr\/wp-json\/wp\/v2\/categories?post=316999"},{"taxonomy":"post_tag","embeddable":true,"href":"https:\/\/www.europesays.com\/fr\/wp-json\/wp\/v2\/tags?post=316999"}],"curies":[{"name":"wp","href":"https:\/\/api.w.org\/{rel}","templated":true}]}}