{"id":317007,"date":"2025-08-13T19:55:14","date_gmt":"2025-08-13T19:55:14","guid":{"rendered":"https:\/\/www.europesays.com\/fr\/317007\/"},"modified":"2025-08-13T19:55:14","modified_gmt":"2025-08-13T19:55:14","slug":"trump-veut-reunir-rapidement-poutine-et-zelensky-apres-lalaska-et-menace-la-russie-de-consequences-tres-graves","status":"publish","type":"post","link":"https:\/\/www.europesays.com\/fr\/317007\/","title":{"rendered":"Trump veut r\u00e9unir \u201crapidement\u201d Poutine et Zelensky apr\u00e8s l\u2019Alaska , et menace la Russie de \u201ccons\u00e9quences tr\u00e8s graves\u201d"},"content":{"rendered":"<p class=\"authors latino-300b text-grey-600\">\n<p>  Par\u00a0<br \/>\nLe Nouvel Obs avec AFP<\/p>\n<p class=\"latino-300r text-grey-600 pe-10  border-end-lg\">\n<p>    Publi\u00e9 le\u00a013 ao\u00fbt 2025 \u00e0 21h13\n  <\/p>\n<p>              Lecture\u00a0:\u00a02\u00a0min.<\/p>\n<p>      <img fetchpriority=\"high\" decoding=\"async\" class=\"mx-auto\" src=\"data:image\/svg+xml,%3Csvg%20xmlns%3D%27http%3A%2F%2Fwww.w3.org%2F2000%2Fsvg%27%20fill%3D%22%23e4e4e4%22%20viewBox%3D%270%200%20510%20340%27%20width%3D%22510%22%20height%3D%22340%22%3E%3Cpath%20d%3D%27M0%200h510v340H0z%27%2F%3E%3C%2Fsvg%3E\"  loading=\"eager\" width=\"510\" height=\"340\" data-oncrawl-image-size=\"510x340\" alt=\"Donald Trump \u00e0 Washington, le 13\u00a0ao\u00fbt 2025. \"\/>      <\/p>\n<p class=\"latino-100m text-grey-600\">\n            Donald Trump \u00e0 Washington, le 13\u00a0ao\u00fbt 2025. \u00a0UPI\/NEWSCOM\/SIPA        <\/p>\n<p>        Lire\u00a0plus\u00a0tard      <\/p>\n<p><a aria-label=\"Nous suivre sur Google News\" href=\"https:\/\/news.google.com\/publications\/CAAqBwgKMJe4nQkw3dFs?hl=fr&amp;gl=FR&amp;ceid=FR%3Afr\" target=\"_blank\" data-piano=\"Page_Article,Sous_date_publi,Nous_suivre_sur_google_news,1er_clic,action\" class=\"btn btn--small btn--tertiary btn--icon-only\" rel=\"noopener\"><\/p>\n<p>      Google Actualit\u00e9s<br \/>\n  <\/a><\/p>\n<p>  Partager<\/p>\n<p>        Facebook<\/p>\n<p>        Bluesky<\/p>\n<p>        E-mail<\/p>\n<p>        Copier le lien<\/p>\n<p>      Envoyer<\/p>\n<p>      S\u2019abonner    <\/p>\n<p class=\"node__paragraphe antonia-750r text-grey-800 pb-24 pb-md-30\">\nDonald Trump a affirm\u00e9 ce mercredi 13\u00a0ao\u00fbt vouloir organiser une rencontre \u00e0 trois entre Vladimir Poutine, Volodymyr Zelensky et lui-m\u00eame \u00ab\u00a0presque imm\u00e9diatement\u00a0\u00bb <a href=\"https:\/\/www.nouvelobs.com\/monde\/20250809.OBS106605\/un-sommet-trump-poutine-le-15-aout-echanges-de-territoires-mise-en-garde-de-zelensky-quatre-questions-sur-cette-rencontre.html\" target=\"_blank\" rel=\"noopener\">apr\u00e8s le sommet en Alaska avec son homologue russe<\/a>, afin de mettre un terme \u00e0 la guerre en Ukraine.<\/p>\n<p class=\"node__paragraphe antonia-750r text-grey-800 pb-24 pb-md-30\">\nLe pr\u00e9sident am\u00e9ricain s\u2019est exprim\u00e9 devant la presse \u00e0 Washington \u00e0 la suite de ce qu\u2019il a qualifi\u00e9 de \u00ab\u00a0tr\u00e8s bon appel\u00a0\u00bb avec des dirigeants europ\u00e9ens, sur fond de progression rapide des forces russes en Ukraine. \u00ab\u00a0Nous aurons rapidement une seconde rencontre entre le pr\u00e9sident Poutine, le pr\u00e9sident Zelensky et moi-m\u00eame, s\u2019ils veulent que je sois l\u00e0\u00a0\u00bb, a-t-il d\u00e9clar\u00e9.<\/p>\n<p class=\"latino-500b text-grey-600 pb-16\">A lire aussi<\/p>\n<p><a href=\"https:\/\/www.nouvelobs.com\/monde\/20250813.OBS106709\/ukraine-pourquoi-l-offre-de-poutine-a-trump-reste-inacceptable-en-l-etat-pour-zelensky.html\" data-article-key=\"20250813.OBS106709\" class=\"link--box flex-grow-1\" data-piano=\"Page_Article,Lire_aussi,,Lien1,navigation\" target=\"_blank\" rel=\"noopener\"><\/p>\n<p>                <img decoding=\"async\" src=\"data:image\/svg+xml,%3Csvg%20xmlns%3D%27http%3A%2F%2Fwww.w3.org%2F2000%2Fsvg%27%20fill%3D%22%23e4e4e4%22%20viewBox%3D%270%200%20120%2080%27%20width%3D%22120%22%20height%3D%2280%22%3E%3Cpath%20d%3D%27M0%200h120v80H0z%27%2F%3E%3C%2Fsvg%3E\"  width=\"120\" height=\"79\" loading=\"lazy\" alt=\"Volodymyr Zelensky et Donald Trump, le 25\u00a0juin, \u00e0 La Haye (Pays-Bas).\"\/><\/p>\n<p class=\"latino-300r latino-lg-600m text-grey-800\">\n                      <strong class=\"latino-300b latino-lg-600m text-grey-500\">Analyse\u00a0<\/strong><br \/>\n                    Ukraine\u00a0: pourquoi l\u2019offre de Poutine \u00e0 Trump reste inacceptable en l\u2019\u00e9tat pour Zelensky        <\/p>\n<p><\/a><\/p>\n<p class=\"node__paragraphe antonia-750r text-grey-800 pb-24 pb-md-30\">\nLe pr\u00e9sident am\u00e9ricain a cependant d\u00e9clar\u00e9 qu\u2019il pourrait renoncer \u00e0 organiser cette rencontre, en fonction de la teneur de son t\u00eate-\u00e0-t\u00eate avec Vladimir Poutine vendredi sur une base militaire am\u00e9ricaine en Alaska. \u00ab\u00a0Si je sens que ce n\u2019est pas appropri\u00e9 de l\u2019organiser car nous n\u2019avons pas obtenu les r\u00e9ponses que nous devons obtenir, alors il n\u2019y aura pas de seconde rencontre\u00a0\u00bb, a-t-il affirm\u00e9.<\/p>\n<p class=\"node__paragraphe antonia-750r text-grey-800 pb-24 pb-md-30\">\n\u00ab\u00a0Nous esp\u00e9rons que le th\u00e8me central de la r\u00e9union\u00a0\u00bb entre Donald Trump et Vladimir Poutine en Alaska sera \u00ab\u00a0un cessez-le-feu imm\u00e9diat\u00a0\u00bb, a de son c\u00f4t\u00e9 d\u00e9clar\u00e9 Volodymyr Zelensky. Le pr\u00e9sident ukrainien s\u2019exprimait de Berlin, o\u00f9 il a \u00e9t\u00e9 re\u00e7u par le chancelier allemand, Friedrich Merz, <a href=\"https:\/\/www.nouvelobs.com\/monde\/20250811.OBS106667\/guerre-en-ukraine-zelensky-et-les-europeens-discuteront-mercredi-avec-trump-avant-sa-rencontre-avec-poutine.html\" target=\"_blank\" rel=\"noopener\">pour une visioconf\u00e9rence avec Donald Trump et les principaux dirigeants europ\u00e9ens<\/a>, ceux de l\u2019UE et de l\u2019Otan.<\/p>\n<p class=\"node__paragraphe antonia-750r text-grey-800 pb-24 pb-md-30\">\nLe Premier ministre britannique, Keir Starmer, a \u00e9voqu\u00e9 une chance \u00ab\u00a0r\u00e9elle\u00a0\u00bb de cessez-le-feu, et ce \u00ab\u00a0gr\u00e2ce au travail du pr\u00e9sident\u00a0\u00bb am\u00e9ricain.<\/p>\n<p>L\u2019Ukraine \u00ab\u00a0pr\u00eate \u00e0 discuter de questions territoriales\u00a0\u00bb<\/p>\n<p class=\"node__paragraphe antonia-750r text-grey-800 pb-24 pb-md-30\">\nL\u2019activit\u00e9 diplomatique bat son plein depuis l\u2019annonce du sommet \u00e0 Anchorage, en Alaska, dont les Europ\u00e9ens redoutent que l\u2019issue ne soit d\u00e9favorable \u00e0 l\u2019Ukraine, apr\u00e8s trois ans et demi de conflit. L\u2019Ukraine \u00ab\u00a0doit \u00eatre \u00e0 la table\u00a0\u00bb au cours des prochaines r\u00e9unions, a r\u00e9clam\u00e9 Friedrich Merz, rappelant la position des Europ\u00e9ens selon laquelle la \u00ab\u00a0ligne de contact\u00a0\u00bb [ligne de front] devait \u00ab\u00a0\u00eatre le point de d\u00e9part\u00a0\u00bb d\u2019\u00e9ventuelles n\u00e9gociations territoriales.<\/p>\n<p class=\"node__paragraphe antonia-750r text-grey-800 pb-24 pb-md-30\">\nLa Russie r\u00e9clame que l\u2019Ukraine lui c\u00e8de quatre r\u00e9gions partiellement occup\u00e9es (Donetsk, Lougansk, Zaporijjia et Kherson), en plus de la Crim\u00e9e annex\u00e9e en 2014, et qu\u2019elle renonce aux livraisons d\u2019armes occidentales et \u00e0 toute adh\u00e9sion \u00e0 l\u2019Otan.<\/p>\n<p class=\"node__paragraphe antonia-750r text-grey-800 pb-24 pb-md-30\">\nDonald Trump a pr\u00e9dit \u00ab\u00a0des \u00e9changes de territoires\u00a0\u00bb, \u00e0 un moment o\u00f9 les soldats russes occupent environ 20% de l\u2019Ukraine. Mais il est aussi rest\u00e9 vague sur ses attentes vis-\u00e0-vis de Vladimir Poutine, disant vouloir \u00ab\u00a0t\u00e2ter le terrain\u00a0\u00bb vendredi. Volodymyr Zelensky a lui exclu tout retrait de zones de l\u2019est de l\u2019Ukraine dans le cadre d\u2019un accord de paix.<\/p>\n<p class=\"latino-500b text-grey-600 pb-16\">A lire aussi<\/p>\n<p><a href=\"https:\/\/www.nouvelobs.com\/monde\/20250807.OBS106566\/guerre-en-ukraine-le-fosse-se-creuse-encore-un-peu-plus-entre-les-etats-unis-et-la-russie-malgre-les-v-ux-pieux-diplomatiques.html\" data-article-key=\"20250807.OBS106566\" class=\"link--box flex-grow-1\" data-piano=\"Page_Article,Lire_aussi,,Lien2,navigation\" target=\"_blank\" rel=\"noopener\"><\/p>\n<p>                <img decoding=\"async\" src=\"data:image\/svg+xml,%3Csvg%20xmlns%3D%27http%3A%2F%2Fwww.w3.org%2F2000%2Fsvg%27%20fill%3D%22%23e4e4e4%22%20viewBox%3D%270%200%20120%2080%27%20width%3D%22120%22%20height%3D%2280%22%3E%3Cpath%20d%3D%27M0%200h120v80H0z%27%2F%3E%3C%2Fsvg%3E\"  width=\"120\" height=\"80\" loading=\"lazy\" alt=\"Image diffus\u00e9e par l\u2019agence russe Sputnik montrant le pr\u00e9sident russe Vladimir Poutine et l\u2019\u00e9missaire am\u00e9ricain Steve Witkoff lors de leur rencontre \u00e0 Moscou, le 6\u00a0ao\u00fbt 2025.\"\/><\/p>\n<p class=\"latino-300r latino-lg-600m text-grey-800\">\n                      <strong class=\"latino-300b latino-lg-600m text-grey-500\">Chronique\u00a0<\/strong><br \/>\n                    Guerre en Ukraine\u00a0: le foss\u00e9 se creuse encore un peu plus entre les Etats-Unis et la Russie malgr\u00e9 les v\u0153ux pieux diplomatiques        <\/p>\n<p><\/a><\/p>\n<p class=\"node__paragraphe antonia-750r text-grey-800 pb-24 pb-md-30\">\nPour Friedrich Merz, l\u2019Ukraine \u00ab\u00a0est pr\u00eate \u00e0 discuter de questions territoriales\u00a0\u00bb mais pas d\u2019\u00ab\u00a0une reconnaissance l\u00e9gale\u00a0\u00bb de l\u2019occupation par la Russie de certaines parties de son territoire. \u00ab\u00a0Les questions territoriales [&#8230;] ne seront n\u00e9goci\u00e9es que par le pr\u00e9sident ukrainien\u00a0\u00bb, a de son c\u00f4t\u00e9 martel\u00e9 Emmanuel Macron, pour qui \u00ab\u00a0il n\u2019y a pas aujourd\u2019hui, de mani\u00e8re s\u00e9rieuse, des sch\u00e9mas d\u2019\u00e9changes territoriaux qui sont sur la table\u00a0\u00bb.<\/p>\n<p class=\"node__paragraphe antonia-750r text-grey-800 pb-24 pb-md-30\">\nSelon le chef de l\u2019Otan, Mark Rutte, \u00ab\u00a0la balle est d\u00e9sormais dans le camp de Poutine\u00a0\u00bb.<\/p>\n<p class=\"node__paragraphe antonia-750r text-grey-800 pb-24 pb-md-30\">\nMoscou de son c\u00f4t\u00e9 a jug\u00e9 \u00ab\u00a0insignifiantes\u00a0\u00bb ces consultations entre Am\u00e9ricains et Europ\u00e9ens.<\/p>\n<p>\u00ab\u00a0Cons\u00e9quences tr\u00e8s graves\u00a0\u00bb<\/p>\n<p class=\"node__paragraphe antonia-750r text-grey-800 pb-24 pb-md-30\">\nDevant la presse mercredi, Donald Trump a averti que la Russie ferait face \u00e0 des \u00ab\u00a0cons\u00e9quences tr\u00e8s graves\u00a0\u00bb si elle n\u2019acceptait pas de mettre fin \u00e0 la guerre, sans pour autant rentrer dans les d\u00e9tails. Pour Volodymyr Zelensly, \u00ab\u00a0des sanctions doivent \u00eatre mises en place et renforc\u00e9es si la Russie\u00a0\u00bb refuse une tr\u00eave.<\/p>\n<p class=\"latino-500b text-grey-600 pb-16\">A lire aussi<\/p>\n<p><a href=\"https:\/\/www.nouvelobs.com\/monde\/20250805.OBS106516\/jugee-intransigeante-et-orgueilleuse-ecrasee-par-ursula-von-der-leyen-kaja-kallas-une-cheffe-de-la-diplomatie-europeenne-a-la-mission-impossible.html\" data-article-key=\"20250805.OBS106516\" class=\"link--box flex-grow-1\" data-piano=\"Page_Article,Lire_aussi,,Lien3,navigation\" target=\"_blank\" rel=\"noopener\"><\/p>\n<p>                <img decoding=\"async\" src=\"data:image\/svg+xml,%3Csvg%20xmlns%3D%27http%3A%2F%2Fwww.w3.org%2F2000%2Fsvg%27%20fill%3D%22%23e4e4e4%22%20viewBox%3D%270%200%20120%2080%27%20width%3D%22120%22%20height%3D%2280%22%3E%3Cpath%20d%3D%27M0%200h120v80H0z%27%2F%3E%3C%2Fsvg%3E\"  width=\"120\" height=\"80\" loading=\"lazy\" alt=\"Kaja Kallas au sommet des chefs d\u2019Etat et de\u00a0gouvernement de l\u2019Union europ\u00e9enne au Conseil europ\u00e9en \u00e0 Bruxelles, le 26\u00a0juillet 2025.\"\/><\/p>\n<p class=\"latino-300r latino-lg-600m text-grey-800\">\n                      <strong class=\"latino-300b latino-lg-600m text-grey-500\">D\u00e9cryptage\u00a0<\/strong><br \/>\n                    Jug\u00e9e intransigeante et orgueilleuse, \u00e9cras\u00e9e par Ursula von der Leyen\u2026 Kaja Kallas, une cheffe de la diplomatie europ\u00e9enne \u00e0 la \u00ab\u00a0mission impossible\u00a0\u00bb        <\/p>\n<p><\/a><\/p>\n<p class=\"node__paragraphe antonia-750r text-grey-800 pb-24 pb-md-30\">\nCes \u00e9changes ont eu lieu au lendemain de la plus grande progression en 24 heures des forces russes en territoire ukrainien depuis plus d\u2019un an, selon l\u2019analyse par l\u2019AFP des donn\u00e9es fournies par l\u2019Institut am\u00e9ricain pour l\u2019\u00e9tude de la guerre (ISW). Les troupes russes, dont l\u2019avanc\u00e9e s\u2019acc\u00e9l\u00e8re, ont dit avoir conquis plus de 110 km2 suppl\u00e9mentaires au 12 ao\u00fbt par rapport \u00e0 la veille, ce qui n\u2019\u00e9tait plus arriv\u00e9 depuis fin mai 2024.<\/p>\n<p class=\"node__paragraphe antonia-750r text-grey-800 pb-24 pb-md-30\">\nSigne de la d\u00e9gradation de la situation, l\u2019Ukraine a ordonn\u00e9 mercredi l\u2019\u00e9vacuation de familles dans une dizaine de localit\u00e9s dans l\u2019est, o\u00f9 les soldats russes ont rapidement gagn\u00e9 du terrain ces derniers jours. Au moins trois personnes ont \u00e9t\u00e9 tu\u00e9es dans des tirs d\u2019artillerie et des raids de drones russes dans la r\u00e9gion de Kherson (sud) t\u00f4t mercredi, d\u2019apr\u00e8s les autorit\u00e9s r\u00e9gionales.<\/p>\n<p class=\"authors latino-600m text-grey-800\">\n<p>  Par\u00a0<br \/>\nLe Nouvel Obs avec AFP<\/p>\n","protected":false},"excerpt":{"rendered":"Par\u00a0 Le Nouvel Obs avec AFP Publi\u00e9 le\u00a013 ao\u00fbt 2025 \u00e0 21h13 Lecture\u00a0:\u00a02\u00a0min. Donald Trump \u00e0 Washington, le&hellip;\n","protected":false},"author":2,"featured_media":317008,"comment_status":"","ping_status":"","sticky":false,"template":"","format":"standard","meta":{"footnotes":""},"categories":[1591],"tags":[17,11,1887,131,74,12,2405,42012,45545,1885,1886,132,467,220,9870,6746],"class_list":{"0":"post-317007","1":"post","2":"type-post","3":"status-publish","4":"format-standard","5":"has-post-thumbnail","7":"category-russie","8":"tag-17","9":"tag-actualites","10":"tag-federation-de-russie","11":"tag-guerre-en-ukraine","12":"tag-monde","13":"tag-news","14":"tag-poutine","15":"tag-rapidement","16":"tag-reunir","17":"tag-russia","18":"tag-russian-federation","19":"tag-russie","20":"tag-trump","21":"tag-ukraine","22":"tag-veut","23":"tag-zelensky"},"share_on_mastodon":{"url":"https:\/\/pubeurope.com\/@fr\/115023218171498249","error":""},"_links":{"self":[{"href":"https:\/\/www.europesays.com\/fr\/wp-json\/wp\/v2\/posts\/317007","targetHints":{"allow":["GET"]}}],"collection":[{"href":"https:\/\/www.europesays.com\/fr\/wp-json\/wp\/v2\/posts"}],"about":[{"href":"https:\/\/www.europesays.com\/fr\/wp-json\/wp\/v2\/types\/post"}],"author":[{"embeddable":true,"href":"https:\/\/www.europesays.com\/fr\/wp-json\/wp\/v2\/users\/2"}],"replies":[{"embeddable":true,"href":"https:\/\/www.europesays.com\/fr\/wp-json\/wp\/v2\/comments?post=317007"}],"version-history":[{"count":0,"href":"https:\/\/www.europesays.com\/fr\/wp-json\/wp\/v2\/posts\/317007\/revisions"}],"wp:featuredmedia":[{"embeddable":true,"href":"https:\/\/www.europesays.com\/fr\/wp-json\/wp\/v2\/media\/317008"}],"wp:attachment":[{"href":"https:\/\/www.europesays.com\/fr\/wp-json\/wp\/v2\/media?parent=317007"}],"wp:term":[{"taxonomy":"category","embeddable":true,"href":"https:\/\/www.europesays.com\/fr\/wp-json\/wp\/v2\/categories?post=317007"},{"taxonomy":"post_tag","embeddable":true,"href":"https:\/\/www.europesays.com\/fr\/wp-json\/wp\/v2\/tags?post=317007"}],"curies":[{"name":"wp","href":"https:\/\/api.w.org\/{rel}","templated":true}]}}