{"id":317015,"date":"2025-08-13T19:59:31","date_gmt":"2025-08-13T19:59:31","guid":{"rendered":"https:\/\/www.europesays.com\/fr\/317015\/"},"modified":"2025-08-13T19:59:31","modified_gmt":"2025-08-13T19:59:31","slug":"un-projet-dattentat-contre-un-centre-pour-migrants-dejoue-liberation","status":"publish","type":"post","link":"https:\/\/www.europesays.com\/fr\/317015\/","title":{"rendered":"un projet d\u2019attentat contre un centre pour migrants d\u00e9jou\u00e9 \u2013 Lib\u00e9ration"},"content":{"rendered":"<p class=\"sc-ksZaOG ehjQrN text-element\">Les autorit\u00e9s allemandes ont d\u00e9clar\u00e9 ce jeudi 12 f\u00e9vrier avoir \u00abd\u00e9jou\u00e9\u00bb un <a href=\"https:\/\/www.liberation.fr\/culture\/musique\/un-attentat-islamiste-dejoue-dans-la-region-de-vienne-en-lien-avec-des-concerts-de-taylor-swift-20240807_BUZRKIWOYJEYZENKGVJZBLDRVM\/\" target=\"_blank\" rel=\"noopener\">projet d\u2019attentat<\/a> contre un centre d\u2019accueil pour demandeurs d\u2019asile et avoir arr\u00eat\u00e9 un suspect de 21 ans.<\/p>\n<p class=\"sc-ksZaOG ehjQrN text-element\">Le domicile de cet homme avait \u00e9t\u00e9 perquisitionn\u00e9 mercredi \u00e0 la suite d\u2019\u00abune d\u00e9nonciation anonyme concr\u00e8te indiquant qu\u2019[il] aurait acquis des explosifs dans le but de commettre prochainement un attentat contre un centre d\u2019h\u00e9bergement de demandeurs d\u2019asile\u00bb, situ\u00e9 dans l\u2019est de l\u2019Allemagne, expliquent dans un communiqu\u00e9 le parquet de la police.<\/p>\n<p class=\"sc-ksZaOG ehjQrN text-element\">Deux engins pyrotechniques de forte puissance \u2013 dits bombes \u00e0 billes \u2013, des poings am\u00e9ricains, des couteaux, des munitions, ainsi que des armes \u00e0 feu ont \u00e9t\u00e9 saisis, selon la m\u00eame source.<\/p>\n<p class=\"sc-ksZaOG ehjQrN text-element\">Le suspect, originaire de la r\u00e9gion de Saxe (est), doit \u00eatre pr\u00e9sent\u00e9 ce jeudi \u00e0 un juge d\u2019instruction. La cible de son projet d\u2019attaque \u00e9tait un centre pour migrants situ\u00e9 \u00e0 Senftenberg, au sud de Berlin, selon le parquet de Dresde charg\u00e9 de l\u2019affaire.<\/p>\n<p class=\"sc-ksZaOG ehjQrN text-element\">La lutte contre l\u2019immigration ill\u00e9gale est affich\u00e9e comme une priorit\u00e9 par les principaux partis en lice pour les \u00e9lections l\u00e9gislatives du 23 f\u00e9vrier en Allemagne.<\/p>\n<p class=\"sc-ksZaOG ehjQrN text-element\">La premi\u00e8re \u00e9conomie europ\u00e9enne est l\u2019un des principaux pays d\u2019accueil des demandeurs d\u2019asile en Europe et <a href=\"https:\/\/www.liberation.fr\/international\/europe\/allemagne-plus-de-200-000-manifestants-a-munich-contre-lextreme-droite-20250208_UAGNN5IAXRGUPBRD2KAZX5EMQE\/\" target=\"_blank\" rel=\"noopener\">le parti d\u2019extr\u00eame droite<\/a> AfD, qui r\u00e9clame des expulsions massives d\u2019\u00e9trangers, est cr\u00e9dit\u00e9 d\u2019un score record et de la deuxi\u00e8me place au scrutin, derri\u00e8re les conservateurs.<\/p>\n<p class=\"sc-ksZaOG ehjQrN text-element\">L\u2019Allemagne a connu ces derniers mois une s\u00e9rie de violences meurtri\u00e8res impliquant des ressortissants \u00e9trangers qui ont enflamm\u00e9 le d\u00e9bat sur la politique d\u2019asile.<\/p>\n<p class=\"sc-ksZaOG ehjQrN text-element\">Ce jeudi matin, une attaque \u00e0 la voiture-b\u00e9lier imput\u00e9e \u00e0 un jeune demandeur d\u2019asile afghan a fait 30 bless\u00e9s lorsque le suspect a fonc\u00e9 sur la foule \u00e0 Munich, dans le sud du pays.<\/p>\n<p class=\"sc-ksZaOG ehjQrN text-element\"><b>Mise \u00e0 jour : <\/b>\u00e0 15 h 54 avec plus de d\u00e9tails puis \u00e0 21 h 10 avec le bilan r\u00e9actualis\u00e9 de l\u2019attentat \u00e0 Munich. <\/p>\n","protected":false},"excerpt":{"rendered":"Les autorit\u00e9s allemandes ont d\u00e9clar\u00e9 ce jeudi 12 f\u00e9vrier avoir \u00abd\u00e9jou\u00e9\u00bb un projet d\u2019attentat contre un centre d\u2019accueil&hellip;\n","protected":false},"author":2,"featured_media":317016,"comment_status":"","ping_status":"","sticky":false,"template":"","format":"standard","meta":{"footnotes":""},"categories":[1587],"tags":[11,672,1804,1805,1803,1777,674,1801,12,1802,1254],"class_list":{"0":"post-317015","1":"post","2":"type-post","3":"status-publish","4":"format-standard","5":"has-post-thumbnail","7":"category-allemagne","8":"tag-actualites","9":"tag-allemagne","10":"tag-bundesrepublik-deutschland","11":"tag-de","12":"tag-deutschland","13":"tag-eu","14":"tag-europe","15":"tag-germany","16":"tag-news","17":"tag-republique-federale-dallemagne","18":"tag-terrorisme"},"share_on_mastodon":{"url":"https:\/\/pubeurope.com\/@fr\/115023234028890448","error":""},"_links":{"self":[{"href":"https:\/\/www.europesays.com\/fr\/wp-json\/wp\/v2\/posts\/317015","targetHints":{"allow":["GET"]}}],"collection":[{"href":"https:\/\/www.europesays.com\/fr\/wp-json\/wp\/v2\/posts"}],"about":[{"href":"https:\/\/www.europesays.com\/fr\/wp-json\/wp\/v2\/types\/post"}],"author":[{"embeddable":true,"href":"https:\/\/www.europesays.com\/fr\/wp-json\/wp\/v2\/users\/2"}],"replies":[{"embeddable":true,"href":"https:\/\/www.europesays.com\/fr\/wp-json\/wp\/v2\/comments?post=317015"}],"version-history":[{"count":0,"href":"https:\/\/www.europesays.com\/fr\/wp-json\/wp\/v2\/posts\/317015\/revisions"}],"wp:featuredmedia":[{"embeddable":true,"href":"https:\/\/www.europesays.com\/fr\/wp-json\/wp\/v2\/media\/317016"}],"wp:attachment":[{"href":"https:\/\/www.europesays.com\/fr\/wp-json\/wp\/v2\/media?parent=317015"}],"wp:term":[{"taxonomy":"category","embeddable":true,"href":"https:\/\/www.europesays.com\/fr\/wp-json\/wp\/v2\/categories?post=317015"},{"taxonomy":"post_tag","embeddable":true,"href":"https:\/\/www.europesays.com\/fr\/wp-json\/wp\/v2\/tags?post=317015"}],"curies":[{"name":"wp","href":"https:\/\/api.w.org\/{rel}","templated":true}]}}