{"id":317024,"date":"2025-08-13T20:04:15","date_gmt":"2025-08-13T20:04:15","guid":{"rendered":"https:\/\/www.europesays.com\/fr\/317024\/"},"modified":"2025-08-13T20:04:15","modified_gmt":"2025-08-13T20:04:15","slug":"des-restrictions-de-circulation-a-partir-de-jeudi-et-jusqua-nouvel-ordre-liberation","status":"publish","type":"post","link":"https:\/\/www.europesays.com\/fr\/317024\/","title":{"rendered":"des restrictions de circulation \u00e0 partir de jeudi et jusqu\u2019\u00e0 nouvel ordre \u2013 Lib\u00e9ration"},"content":{"rendered":"<p class=\"sc-ksZaOG ehjQrN text-element\">Derri\u00e8re la chaleur \u00e9touffante, <a href=\"https:\/\/www.liberation.fr\/environnement\/climat\/sous-leffet-de-la-canicule-des-pics-de-pollution-a-lozone-etouffent-paris-et-le-nord-20230908_4RSTYBODJ5DRBLT6HTPYI23YNM\/\" target=\"_blank\" rel=\"noreferrer noopener\" title=\"https:\/\/www.liberation.fr\/environnement\/climat\/sous-leffet-de-la-canicule-des-pics-de-pollution-a-lozone-etouffent-paris-et-le-nord-20230908_4RSTYBODJ5DRBLT6HTPYI23YNM\/\">un autre ph\u00e9nom\u00e8ne atmosph\u00e9rique s\u2019installe<\/a>. Alors que la France est touch\u00e9e depuis plusieurs jours par la deuxi\u00e8me vague de chaleur de l\u2019\u00e9t\u00e9, l\u2019\u00cele-de-France fait face \u00e0 un nouveau danger : l\u2019ozone. La r\u00e9gion, plac\u00e9e en vigilance orange pour \u00abcanicule\u00bb, est touch\u00e9e depuis ce mercredi 13 ao\u00fbt par un \u00e9pisode de pollution \u00abpersistant\u00bb \u00e0 l\u2019ozone, selon l\u2019association de surveillance de qualit\u00e9 de l\u2019air, <a href=\"https:\/\/www.airparif.fr\/bulletin-special?d=today\" target=\"_blank\" rel=\"noreferrer noopener\" title=\"https:\/\/www.airparif.fr\/bulletin-special?d=today\">Airparif<\/a>.<\/p>\n<p class=\"sc-ksZaOG ehjQrN text-element\">Pour en limiter l\u2019ampleur, la pr\u00e9fecture de police de Paris a annonc\u00e9 dans la soir\u00e9e des restrictions de circulation qui seront effectives \u00e0 partir de jeudi sur les routes de la r\u00e9gion. A savoir : entre 05 h 30 et minuit, la vitesse maximale autoris\u00e9e sera d\u00e9sormais de 110 km\/h pour les portions d\u2019autoroutes limit\u00e9es normalement \u00e0 130 km\/h. Les routes limit\u00e9es \u00e0 110 km\/h passeront \u00e0 90 km\/h, et celles \u00e0 90 ou 80 km\/h passeront \u00e0 70 km\/h. Les v\u00e9hicules de plus de 3,5 tonnes auront, eux, l\u2019obligation de contourner la capitale en empruntant la rocade francilienne.<\/p>\n<p class=\"sc-ksZaOG ehjQrN text-element\">Les op\u00e9rations de br\u00fblage \u00e0 l\u2019air libre sont \u00e9galement interdites jusqu\u2019\u00e0 nouvel ordre et les travaux d\u2019entretien ou de nettoyage qui \u00e9mettent des compos\u00e9s organiques volatils, en faisant usage par exemple d\u2019outils \u00e0 moteur thermique, de solvants, vernis, colles ou peintures, doivent \u00eatre report\u00e9s, selon la pr\u00e9fecture. Celle-ci recommande par ailleurs de limiter les d\u00e9placements en voiture, ainsi que l\u2019exposition \u00e0 la pollution, notamment pour les personnes vuln\u00e9rables.<\/p>\n<p class=\"sc-ksZaOG ehjQrN text-element\">En effet, <a href=\"https:\/\/www.liberation.fr\/environnement\/climat\/canicule-cinq-departements-toujours-en-vigilance-rouge-debut-de-lalerte-aux-orages-20250813_MLKSJP7UMBE55H2UHXJGAOK4NQ\/\" target=\"_blank\" rel=\"noreferrer noopener\" title=\"https:\/\/www.liberation.fr\/environnement\/climat\/canicule-cinq-departements-toujours-en-vigilance-rouge-debut-de-lalerte-aux-orages-20250813_MLKSJP7UMBE55H2UHXJGAOK4NQ\/\">les fortes chaleurs<\/a> et l\u2019ensoleillement r\u00e9agissent avec les gaz d\u2019\u00e9chappement des voitures et camions et des compos\u00e9s organiques volatils pour g\u00e9n\u00e9rer de l\u2019ozone, un gaz nocif en basse altitude qui provoque des probl\u00e8mes respiratoires et des crises d\u2019asthme. Ces mesures visent donc \u00e0 r\u00e9duire les \u00e9missions de polluants dans l\u2019atmosph\u00e8re et resteront en vigueur jusqu\u2019\u00e0 leur lev\u00e9e par d\u00e9cision pr\u00e9fectorale, pr\u00e9cise le communiqu\u00e9 de la PP, qui rappelle que cet \u00e9pisode de pollution \u00e0 l\u2019ozone \u00abpeut constituer un risque pour la sant\u00e9\u00bb.<\/p>\n","protected":false},"excerpt":{"rendered":"Derri\u00e8re la chaleur \u00e9touffante, un autre ph\u00e9nom\u00e8ne atmosph\u00e9rique s\u2019installe. Alors que la France est touch\u00e9e depuis plusieurs jours&hellip;\n","protected":false},"author":2,"featured_media":317025,"comment_status":"","ping_status":"","sticky":false,"template":"","format":"standard","meta":{"footnotes":""},"categories":[4],"tags":[11,6698,1011,27,662,12,626,7399,5140,25],"class_list":{"0":"post-317024","1":"post","2":"type-post","3":"status-publish","4":"format-standard","5":"has-post-thumbnail","7":"category-france","8":"tag-actualites","9":"tag-canicule","10":"tag-fr","11":"tag-france","12":"tag-ile-de-france","13":"tag-news","14":"tag-paris","15":"tag-pollution-air","16":"tag-rechauffement-climatique","17":"tag-republique-francaise"},"share_on_mastodon":{"url":"https:\/\/pubeurope.com\/@fr\/115023253524898267","error":""},"_links":{"self":[{"href":"https:\/\/www.europesays.com\/fr\/wp-json\/wp\/v2\/posts\/317024","targetHints":{"allow":["GET"]}}],"collection":[{"href":"https:\/\/www.europesays.com\/fr\/wp-json\/wp\/v2\/posts"}],"about":[{"href":"https:\/\/www.europesays.com\/fr\/wp-json\/wp\/v2\/types\/post"}],"author":[{"embeddable":true,"href":"https:\/\/www.europesays.com\/fr\/wp-json\/wp\/v2\/users\/2"}],"replies":[{"embeddable":true,"href":"https:\/\/www.europesays.com\/fr\/wp-json\/wp\/v2\/comments?post=317024"}],"version-history":[{"count":0,"href":"https:\/\/www.europesays.com\/fr\/wp-json\/wp\/v2\/posts\/317024\/revisions"}],"wp:featuredmedia":[{"embeddable":true,"href":"https:\/\/www.europesays.com\/fr\/wp-json\/wp\/v2\/media\/317025"}],"wp:attachment":[{"href":"https:\/\/www.europesays.com\/fr\/wp-json\/wp\/v2\/media?parent=317024"}],"wp:term":[{"taxonomy":"category","embeddable":true,"href":"https:\/\/www.europesays.com\/fr\/wp-json\/wp\/v2\/categories?post=317024"},{"taxonomy":"post_tag","embeddable":true,"href":"https:\/\/www.europesays.com\/fr\/wp-json\/wp\/v2\/tags?post=317024"}],"curies":[{"name":"wp","href":"https:\/\/api.w.org\/{rel}","templated":true}]}}