{"id":317026,"date":"2025-08-13T20:07:14","date_gmt":"2025-08-13T20:07:14","guid":{"rendered":"https:\/\/www.europesays.com\/fr\/317026\/"},"modified":"2025-08-13T20:07:14","modified_gmt":"2025-08-13T20:07:14","slug":"une-reprise-difficile-le-traumatisme-encore-present-dans-le-vestiaire","status":"publish","type":"post","link":"https:\/\/www.europesays.com\/fr\/317026\/","title":{"rendered":"Une reprise difficile, le traumatisme encore pr\u00e9sent dans le vestiaire"},"content":{"rendered":"<p>L&rsquo;\u00e9quipe de Grenoble \u00e9voluera en Pro D2 cette saison malgr\u00e9 elle. Sa pr\u00e9c\u00e9dente campagne ne s&rsquo;est pas termin\u00e9e sous de bons auspices. Battu en finale du championnat par l&rsquo;US Montauban (19-24), le FCG avait une deuxi\u00e8me chance d&rsquo;acc\u00e9der au Top 14. Mais il se loupe contre l&rsquo;USAP (11-13) pour le match de barrage. Deux mois apr\u00e8s, les cicatrices restent encore intactes.<\/p>\n<p>\u00a0<\/p>\n<p>A la reprise, les joueurs du FCG font de leur mieux pour retrouver de la motivation. Mais rien ne s&rsquo;annonce aussi simple. Le directeur sportif du club indique clairement que la blessure caus\u00e9e par le sc\u00e9nario de la fin de saison est difficile \u00e0 panser. Que ce soit pour les joueurs que pour les dirigeants et membres du staff technique, il faudra du temps pour se relever id\u00e9alement de tout \u00e7a.<\/p>\n<p>\u00a0<\/p>\n<p>\u00ab\u00a0On est encore dans le raisonnement&#8230;\u00a0\u00bb<\/p>\n<p>\u00a0<\/p>\n<blockquote>\n<p>\u00ab Les joueurs ont encore un peu le traumatisme, on est encore dans le raisonnement de se dire : \u00ab\u00a0qu\u2019avons-nous manqu\u00e9 ?\u00a0\u00bb mais je pense que cela s\u2019\u00e9vacue tout doucement et notamment en jouant les premiers matchs de cette nouvelle saison\u00a0\u00bb, d\u00e9clare Aubin Hueber, directeur sportif du club de Grenoble.<\/p>\n<\/blockquote>\n<p>\u00a0<\/p>\n<p>Des mots qui laissent imaginer une ambiance moins gaie chez les Grenoblois. En attendant, ceux-ci continuent de se pr\u00e9parer pour la prochaine saison. Ils auront droit \u00e0 un premier test ce vendredi 15 ao\u00fbt 2025 contre Aurillac \u00e0 partir de 19h00. Apr\u00e8s quoi, le FCG se concentrera sur son entr\u00e9e en lice pour la Pro D2 face \u00e0 Oyonnax le 29 ao\u00fbt.<\/p>\n<blockquote class=\"twitter-tweet\">\n<p dir=\"ltr\" lang=\"fr\">\ud835\udce2\ud835\udcee\ud835\udcf6\ud835\udcea\ud835\udcf2\ud835\udcf7\ud835\udcee \ud835\udced\ud835\udcee \ud835\udcf6\ud835\udcea\ud835\udcfd\ud835\udcec\ud835\udcf1 \ud83d\udd34\ud83d\udd35<\/p>\n<p>Alors que nos joueurs attaquent leur quatri\u00e8me de pr\u00e9paration estivale, ils se d\u00e9placeront sur cette fin de semaine \u00e0 \ud835\udcd0\ud835\udcfe\ud835\udcfb\ud835\udcf2\ud835\udcf5\ud835\udcf5\ud835\udcea\ud835\udcec afin de jouer un match amical !<\/p>\n<p>\ud835\udc15\ud835\udc1e\ud835\udc27\ud835\udc1d\ud835\udc2b\ud835\udc1e\ud835\udc1d\ud835\udc22 \ud835\udfcf\ud835\udfd3 \ud835\udc1a\ud835\udc28\ud835\udc2e\u0302\ud835\udc2d, \ud835\udfcf\ud835\udfd7\ud835\udc21, \ud835\udc12\ud835\udc2d\ud835\udc1a\ud835\udc1d\ud835\udc1e \ud835\udc09\ud835\udc1e\ud835\udc1a\ud835\udc27 \ud835\udc00\ud835\udc25\ud835\udc2b\ud835\udc22\ud835\udc1c\u2026 <a href=\"https:\/\/t.co\/XKRjxgoJWQ\" rel=\"nofollow\">pic.twitter.com\/XKRjxgoJWQ<\/a><\/p>\n<p>\u2014 FC Grenoble Rugby #AllezFCG (@FCGrugby) <a href=\"https:\/\/twitter.com\/FCGrugby\/status\/1954848531816083514?ref_src=twsrc%5Etfw\" rel=\"nofollow noopener\" target=\"_blank\">August 11, 2025<\/a><\/p>\n<\/blockquote>\n<p>Partagez cette info avec vos amis et vos proches en cliquant ici<br \/>Pour r\u00e9sumer<\/p>\n<p>Rel\u00e9gu\u00e9 en Pro D2 apr\u00e8s deux d\u00e9faites cruelles, le FCG peine \u00e0 tourner la page. Le traumatisme reste vif dans le vestiaire, selon Aubin Hueber. Premier test ce 15 ao\u00fbt contre Aurillac, avant la reprise officielle face \u00e0 Oyonnax le 29 ao\u00fbt.<\/p>\n<p> <img decoding=\"async\" width=\"76\" height=\"76\" loading=\"lazy\" src=\"https:\/\/www.europesays.com\/fr\/wp-content\/uploads\/2025\/04\/avatar-quinze.png\" alt=\"Voldi Fr\u00e9jus\u00a0Hounvio\"\/><script async src=\"https:\/\/platform.twitter.com\/widgets.js\" charset=\"utf-8\"><\/script><\/p>\n","protected":false},"excerpt":{"rendered":"L&rsquo;\u00e9quipe de Grenoble \u00e9voluera en Pro D2 cette saison malgr\u00e9 elle. Sa pr\u00e9c\u00e9dente campagne ne s&rsquo;est pas termin\u00e9e&hellip;\n","protected":false},"author":2,"featured_media":317027,"comment_status":"","ping_status":"","sticky":false,"template":"","format":"standard","meta":{"footnotes":""},"categories":[1416],"tags":[1011,27,479,1468,60],"class_list":{"0":"post-317026","1":"post","2":"type-post","3":"status-publish","4":"format-standard","5":"has-post-thumbnail","7":"category-rugby","8":"tag-fr","9":"tag-france","10":"tag-rugby","11":"tag-rugby-football","12":"tag-sports"},"share_on_mastodon":{"url":"https:\/\/pubeurope.com\/@fr\/115023265375213887","error":""},"_links":{"self":[{"href":"https:\/\/www.europesays.com\/fr\/wp-json\/wp\/v2\/posts\/317026","targetHints":{"allow":["GET"]}}],"collection":[{"href":"https:\/\/www.europesays.com\/fr\/wp-json\/wp\/v2\/posts"}],"about":[{"href":"https:\/\/www.europesays.com\/fr\/wp-json\/wp\/v2\/types\/post"}],"author":[{"embeddable":true,"href":"https:\/\/www.europesays.com\/fr\/wp-json\/wp\/v2\/users\/2"}],"replies":[{"embeddable":true,"href":"https:\/\/www.europesays.com\/fr\/wp-json\/wp\/v2\/comments?post=317026"}],"version-history":[{"count":0,"href":"https:\/\/www.europesays.com\/fr\/wp-json\/wp\/v2\/posts\/317026\/revisions"}],"wp:featuredmedia":[{"embeddable":true,"href":"https:\/\/www.europesays.com\/fr\/wp-json\/wp\/v2\/media\/317027"}],"wp:attachment":[{"href":"https:\/\/www.europesays.com\/fr\/wp-json\/wp\/v2\/media?parent=317026"}],"wp:term":[{"taxonomy":"category","embeddable":true,"href":"https:\/\/www.europesays.com\/fr\/wp-json\/wp\/v2\/categories?post=317026"},{"taxonomy":"post_tag","embeddable":true,"href":"https:\/\/www.europesays.com\/fr\/wp-json\/wp\/v2\/tags?post=317026"}],"curies":[{"name":"wp","href":"https:\/\/api.w.org\/{rel}","templated":true}]}}