{"id":317031,"date":"2025-08-13T20:11:10","date_gmt":"2025-08-13T20:11:10","guid":{"rendered":"https:\/\/www.europesays.com\/fr\/317031\/"},"modified":"2025-08-13T20:11:10","modified_gmt":"2025-08-13T20:11:10","slug":"apres-un-an-sans-diffuseur-la-ligue-1-de-retour-sur-les-antennes-italiennes","status":"publish","type":"post","link":"https:\/\/www.europesays.com\/fr\/317031\/","title":{"rendered":"apr\u00e8s un an sans diffuseur, la Ligue 1 de retour sur les antennes italiennes"},"content":{"rendered":"<p>Apr\u00e8s un an sans diffuseur, la Ligue 1 revient sur les antennes transalpines. Sky Sport Italia a achet\u00e9 les droits d\u2019au moins deux matchs par journ\u00e9e.<\/p>\n<p class=\"fig-paragraph\">Apr\u00e8s un an dans le noir complet, la\u00a0<a href=\"http:\/\/www.lefigaro.fr\/sports\/football\/ligue-1\/ouverture-de-l-offre-depuis-lundi-les-abonnes-sont-la-et-ils-arrivent-assure-la-direction-de-ligue1-20250812\" data-fig-type=\"NewsFlash\" data-gtm-custom-categorie=\"navigation\" data-gtm-custom-action=\"crossclick\" data-gtm-custom-label=\"Contextuel\" data-gtm-event=\"customEventSPE\" data-fig-domain=\"LEFIGARO\" target=\"_blank\" rel=\"noopener\">Ligue 1<\/a>\u00a0fait son retour \u00e0 la t\u00e9l\u00e9vision italienne. Sky Sport Italia a achet\u00e9 les\u00a0<a href=\"http:\/\/www.lefigaro.fr\/sports\/football\/ligue-1\/droits-tv-croire-au-football-francais-c-est-s-abonner-a-ligue-1-l-appel-de-pablo-longoria-20250812\" data-fig-type=\"NewsFlash\" data-gtm-custom-categorie=\"navigation\" data-gtm-custom-action=\"crossclick\" data-gtm-custom-label=\"Contextuel\" data-gtm-event=\"customEventSPE\" data-fig-domain=\"LEFIGARO\" target=\"_blank\" rel=\"noopener\">droits TV<\/a>\u00a0pour diffuser au moins deux matchs par journ\u00e9e de la saison 2025-2026. L\u2019ann\u00e9e derni\u00e8re, aucun m\u00e9dia ou diffuseur ne s\u2019\u00e9tait propos\u00e9. Les amateurs de foot fran\u00e7ais transalpins ont d\u00fb prendre leur mal en patience.<\/p>\n<p class=\"fig-paragraph\">Avec ces deux affiches minimum, il est probable que toutes les rencontres du Paris Saint-Germain soient choisies et que la seconde change \u00e0 chaque journ\u00e9e en fonction des affiches plus ou moins all\u00e9chantes. Cette situation sans diffuseur n\u2019\u00e9tait d\u2019ailleurs pas in\u00e9dite puisque aucun diffuseur italien n\u2019avait voulu de la Ligue 1 en 2010.<\/p>\n","protected":false},"excerpt":{"rendered":"Apr\u00e8s un an sans diffuseur, la Ligue 1 revient sur les antennes transalpines. Sky Sport Italia a achet\u00e9&hellip;\n","protected":false},"author":2,"featured_media":317032,"comment_status":"","ping_status":"","sticky":false,"template":"","format":"standard","meta":{"footnotes":""},"categories":[1412],"tags":[10475,1451,1452,1453,1454,1455,1011,27,2330,60],"class_list":{"0":"post-317031","1":"post","2":"type-post","3":"status-publish","4":"format-standard","5":"has-post-thumbnail","7":"category-f1","8":"tag-droits-tv","9":"tag-f1","10":"tag-formula-1","11":"tag-formula1","12":"tag-formule-1","13":"tag-formule1","14":"tag-fr","15":"tag-france","16":"tag-lfp","17":"tag-sports"},"share_on_mastodon":{"url":"https:\/\/pubeurope.com\/@fr\/115023281078739725","error":""},"_links":{"self":[{"href":"https:\/\/www.europesays.com\/fr\/wp-json\/wp\/v2\/posts\/317031","targetHints":{"allow":["GET"]}}],"collection":[{"href":"https:\/\/www.europesays.com\/fr\/wp-json\/wp\/v2\/posts"}],"about":[{"href":"https:\/\/www.europesays.com\/fr\/wp-json\/wp\/v2\/types\/post"}],"author":[{"embeddable":true,"href":"https:\/\/www.europesays.com\/fr\/wp-json\/wp\/v2\/users\/2"}],"replies":[{"embeddable":true,"href":"https:\/\/www.europesays.com\/fr\/wp-json\/wp\/v2\/comments?post=317031"}],"version-history":[{"count":0,"href":"https:\/\/www.europesays.com\/fr\/wp-json\/wp\/v2\/posts\/317031\/revisions"}],"wp:featuredmedia":[{"embeddable":true,"href":"https:\/\/www.europesays.com\/fr\/wp-json\/wp\/v2\/media\/317032"}],"wp:attachment":[{"href":"https:\/\/www.europesays.com\/fr\/wp-json\/wp\/v2\/media?parent=317031"}],"wp:term":[{"taxonomy":"category","embeddable":true,"href":"https:\/\/www.europesays.com\/fr\/wp-json\/wp\/v2\/categories?post=317031"},{"taxonomy":"post_tag","embeddable":true,"href":"https:\/\/www.europesays.com\/fr\/wp-json\/wp\/v2\/tags?post=317031"}],"curies":[{"name":"wp","href":"https:\/\/api.w.org\/{rel}","templated":true}]}}