{"id":317038,"date":"2025-08-13T20:15:16","date_gmt":"2025-08-13T20:15:16","guid":{"rendered":"https:\/\/www.europesays.com\/fr\/317038\/"},"modified":"2025-08-13T20:15:16","modified_gmt":"2025-08-13T20:15:16","slug":"villefranche-de-rouergue-un-resident-de-rulhe-expose-avec-le-clubart-de-villefranche","status":"publish","type":"post","link":"https:\/\/www.europesays.com\/fr\/317038\/","title":{"rendered":"Villefranche-de-Rouergue. Un r\u00e9sident de Rulhe expose avec le Club\u2019Art de Villefranche"},"content":{"rendered":"<p>Michel Ostertag est un artiste peintre amateur, passionn\u00e9 et atypique de l\u2019USLD de Rulhe. Il poursuit sa passion au sein de la structure, dans sa grande chambre o\u00f9 il peut s\u2019adonner \u00e0 son art : \u00ab\u00a0Dessiner, peindre et cr\u00e9er ont toujours fait partie de ma vie\u00a0\u00bb, aime-t-il rappeler.<\/p>\n<p>Le peintre amateur travaille essentiellement \u00e0 l\u2019acrylique et parfois \u00e0 l\u2019encre de Chine. La superposition de diff\u00e9rentes mati\u00e8res sur ses toiles l\u2019int\u00e9resse, notamment sous des formes g\u00e9om\u00e9triques.<\/p>\n<p>Il participe naturellement \u00e0 la d\u00e9coration du service avec ses toiles hautes en couleurs, qui apportent gaiet\u00e9 et bien-\u00eatre visuel aux autres r\u00e9sidents, aux familles et au personnel soignant. Son souhait le plus cher \u00e9tait d\u2019exposer au c\u0153ur de la Bastide villefranchoise. Afin de r\u00e9pondre \u00e0 son projet personnalis\u00e9, l\u2019animatrice Sabine, en lien avec des conseillers de la municipalit\u00e9 villefranchoise et le club artistique de Villefranche, a pu concr\u00e9tiser sa demande. Six tableaux vont \u00eatre pr\u00e9sent\u00e9s lors de l\u2019exposition collective au 28, rue de la R\u00e9publique. Vendredi 8 ao\u00fbt, lors du vernissage, Michel \u00e9tait bien au rendez-vous, accompagn\u00e9 de sa famille. C\u2019est avec une grande \u00e9motion et une grande fiert\u00e9 qu\u2019il expose aux c\u00f4t\u00e9s d\u2019autres artistes. C\u2019est aussi l\u2019occasion de partager sa passion pour l\u2019art avec ses pairs. L\u2019USLD de Rulhe adresse un \u00ab\u00a0grand merci \u00e0 Edwige et Annick pour leur implication dans ce projet hors du commun\u00a0\u00bb. D\u2019ailleurs, en 2026, le club comptera un nouveau membre dans l\u2019association.<\/p>\n","protected":false},"excerpt":{"rendered":"Michel Ostertag est un artiste peintre amateur, passionn\u00e9 et atypique de l\u2019USLD de Rulhe. Il poursuit sa passion&hellip;\n","protected":false},"author":2,"featured_media":317039,"comment_status":"","ping_status":"","sticky":false,"template":"","format":"standard","meta":{"footnotes":""},"categories":[1358],"tags":[1348,1384,1385,1386,58,59,1011,27],"class_list":{"0":"post-317038","1":"post","2":"type-post","3":"status-publish","4":"format-standard","5":"has-post-thumbnail","7":"category-arts-et-design","8":"tag-arts","9":"tag-arts-and-design","10":"tag-arts-et-design","11":"tag-design","12":"tag-divertissement","13":"tag-entertainment","14":"tag-fr","15":"tag-france"},"share_on_mastodon":{"url":"https:\/\/pubeurope.com\/@fr\/115023296851816070","error":""},"_links":{"self":[{"href":"https:\/\/www.europesays.com\/fr\/wp-json\/wp\/v2\/posts\/317038","targetHints":{"allow":["GET"]}}],"collection":[{"href":"https:\/\/www.europesays.com\/fr\/wp-json\/wp\/v2\/posts"}],"about":[{"href":"https:\/\/www.europesays.com\/fr\/wp-json\/wp\/v2\/types\/post"}],"author":[{"embeddable":true,"href":"https:\/\/www.europesays.com\/fr\/wp-json\/wp\/v2\/users\/2"}],"replies":[{"embeddable":true,"href":"https:\/\/www.europesays.com\/fr\/wp-json\/wp\/v2\/comments?post=317038"}],"version-history":[{"count":0,"href":"https:\/\/www.europesays.com\/fr\/wp-json\/wp\/v2\/posts\/317038\/revisions"}],"wp:featuredmedia":[{"embeddable":true,"href":"https:\/\/www.europesays.com\/fr\/wp-json\/wp\/v2\/media\/317039"}],"wp:attachment":[{"href":"https:\/\/www.europesays.com\/fr\/wp-json\/wp\/v2\/media?parent=317038"}],"wp:term":[{"taxonomy":"category","embeddable":true,"href":"https:\/\/www.europesays.com\/fr\/wp-json\/wp\/v2\/categories?post=317038"},{"taxonomy":"post_tag","embeddable":true,"href":"https:\/\/www.europesays.com\/fr\/wp-json\/wp\/v2\/tags?post=317038"}],"curies":[{"name":"wp","href":"https:\/\/api.w.org\/{rel}","templated":true}]}}