{"id":317046,"date":"2025-08-13T20:19:11","date_gmt":"2025-08-13T20:19:11","guid":{"rendered":"https:\/\/www.europesays.com\/fr\/317046\/"},"modified":"2025-08-13T20:19:11","modified_gmt":"2025-08-13T20:19:11","slug":"javoue-cest-rate-le-dernier-film-de-kad-merad-fait-un-flop-le-realisateur-monte-au-creneau","status":"publish","type":"post","link":"https:\/\/www.europesays.com\/fr\/317046\/","title":{"rendered":"\u00ab\u00a0J&rsquo;avoue c&rsquo;est rat\u00e9\u00a0\u00bb: le dernier film de Kad Merad fait un flop, le r\u00e9alisateur monte au cr\u00e9neau\u00a0"},"content":{"rendered":"<p class=\"ap-StoryElement ap-StoryElement--mb ap-StoryText\">\u00ab\u00a0J&rsquo;avoue c&rsquo;est rat\u00e9, c&rsquo;est une com\u00e9die pas dr\u00f4le. \u00c7a arrive\u00a0\u00bb, a r\u00e9agi l&rsquo;acteur. Une d\u00e9claration qui ne passe pas pour Sylvain Estibal, r\u00e9alisateur et \u00e9crivain du film. \u00ab\u00a0Le producteur consid\u00e8re que c&rsquo;est rat\u00e9 et pas dr\u00f4le. Dommage qu&rsquo;un producteur cens\u00e9 d\u00e9fendre ses projets s&rsquo;exprime ainsi dans la presse le jour de sa sortie\u00a0\u00bb, lance-t-il, lui qui a r\u00e9dig\u00e9 un droit de r\u00e9ponse suite \u00e0 la diffusion de plusieurs informations concernant les moyens d\u00e9pens\u00e9s pour ce film.<\/p>\n<p>\u00ab\u00a0Certains qui ont vu le film ne comprennent pas que sa sortie soit ainsi sabord\u00e9e\u00a0\u00bb<\/p>\n<p class=\"ap-StoryElement ap-StoryElement--mb ap-StoryText\">Il tient \u00e0 pr\u00e9ciser que le film a b\u00e9n\u00e9fici\u00e9 d&rsquo;un petit budget. \u00ab\u00a0Kad Merad a mis son salaire essentiellement en participation pour que le projet se fasse malgr\u00e9 ce manque de budget. Mon salaire de r\u00e9alisateur ainsi que celui de l&rsquo;actrice principale ont \u00e9galement \u00e9t\u00e9 mis en participation afin que le projet puisse aboutir. Vu que le film ne sort quasiment pas en salles, nous ne toucherons rien [\u2026]. Plusieurs techniciens (mixage, VFX), ont accept\u00e9 d&rsquo;aider ce film en travaillant gratuitement par amiti\u00e9 ou sympathie pour le projet [\u2026]. Il n&rsquo;y a pas d&rsquo;argent public dans ce film \u00e0 part une petite aide du CNC pour le d\u00e9veloppement du sc\u00e9nario. Il s&rsquo;agit quasi-exclusivement de fonds priv\u00e9s [\u2026]. The Jokers a d\u00e9cid\u00e9 de ne pas sortir le film, ne croyant pas \u00e0 son succ\u00e8s\u00a0\u00bb, \u00e9crit-il.<\/p>\n<p class=\"ap-StoryElement ap-StoryElement--mb ap-StoryText\">Avant de poursuivre : \u00ab\u00a0D&rsquo;autres qui ont vu le film l&rsquo;ont trouv\u00e9 hors normes, fou et amusant, et ne comprennent pas que sa sortie soit ainsi sabord\u00e9e. Le film a \u00e9t\u00e9 pr\u00e9-achet\u00e9 par Amazon et aura donc une vie apr\u00e8s la salle\u00a0\u00bb.<\/p>\n","protected":false},"excerpt":{"rendered":"\u00ab\u00a0J&rsquo;avoue c&rsquo;est rat\u00e9, c&rsquo;est une com\u00e9die pas dr\u00f4le. \u00c7a arrive\u00a0\u00bb, a r\u00e9agi l&rsquo;acteur. Une d\u00e9claration qui ne passe&hellip;\n","protected":false},"author":2,"featured_media":317047,"comment_status":"","ping_status":"","sticky":false,"template":"","format":"standard","meta":{"footnotes":""},"categories":[1354],"tags":[58,59,1346,1011,27,1360],"class_list":{"0":"post-317046","1":"post","2":"type-post","3":"status-publish","4":"format-standard","5":"has-post-thumbnail","7":"category-films","8":"tag-divertissement","9":"tag-entertainment","10":"tag-films","11":"tag-fr","12":"tag-france","13":"tag-movies"},"share_on_mastodon":{"url":"https:\/\/pubeurope.com\/@fr\/115023312605831667","error":""},"_links":{"self":[{"href":"https:\/\/www.europesays.com\/fr\/wp-json\/wp\/v2\/posts\/317046","targetHints":{"allow":["GET"]}}],"collection":[{"href":"https:\/\/www.europesays.com\/fr\/wp-json\/wp\/v2\/posts"}],"about":[{"href":"https:\/\/www.europesays.com\/fr\/wp-json\/wp\/v2\/types\/post"}],"author":[{"embeddable":true,"href":"https:\/\/www.europesays.com\/fr\/wp-json\/wp\/v2\/users\/2"}],"replies":[{"embeddable":true,"href":"https:\/\/www.europesays.com\/fr\/wp-json\/wp\/v2\/comments?post=317046"}],"version-history":[{"count":0,"href":"https:\/\/www.europesays.com\/fr\/wp-json\/wp\/v2\/posts\/317046\/revisions"}],"wp:featuredmedia":[{"embeddable":true,"href":"https:\/\/www.europesays.com\/fr\/wp-json\/wp\/v2\/media\/317047"}],"wp:attachment":[{"href":"https:\/\/www.europesays.com\/fr\/wp-json\/wp\/v2\/media?parent=317046"}],"wp:term":[{"taxonomy":"category","embeddable":true,"href":"https:\/\/www.europesays.com\/fr\/wp-json\/wp\/v2\/categories?post=317046"},{"taxonomy":"post_tag","embeddable":true,"href":"https:\/\/www.europesays.com\/fr\/wp-json\/wp\/v2\/tags?post=317046"}],"curies":[{"name":"wp","href":"https:\/\/api.w.org\/{rel}","templated":true}]}}