{"id":317050,"date":"2025-08-13T20:21:10","date_gmt":"2025-08-13T20:21:10","guid":{"rendered":"https:\/\/www.europesays.com\/fr\/317050\/"},"modified":"2025-08-13T20:21:10","modified_gmt":"2025-08-13T20:21:10","slug":"us-open-je-sais-venus-williams-est-une-legende-mais-il-faut-savoir-dire-stop-ca-devient-ridicule-lance-benoit-maylin","status":"publish","type":"post","link":"https:\/\/www.europesays.com\/fr\/317050\/","title":{"rendered":"US Open > \u00ab\u00a0Je sais, Venus Williams est une l\u00e9gende, mais il faut savoir dire stop. \u00c7a devient ridicule\u00a0\u00bb, lance\u00a0Beno\u00eet\u00a0Maylin"},"content":{"rendered":"<p>Savoir se retirer au bon moment fait aussi partie du processus pour rester dans la post\u00e9\u00adrit\u00e9, mais Pete Sampras \u00e0 l\u2019US Open 2002 est plus l\u2019ex\u00adcep\u00adtion que la r\u00e8gle. Roger Federer a dit stop en 2022 sur une exhi\u00adbi\u00adtion, lors de la Laver Cup. Rafael Nadal rangeait sa raquette en octobre dernier, apr\u00e8s l\u2019\u00e9li\u00admi\u00adna\u00adtion de l\u2019Espagne en Coupe Davis et une triste pres\u00adta\u00adtion du roi de la terre battue contre Botic Van de Zandschlup (6\u22124, 6\u20134).<\/p>\n<p>Une diffi\u00adcult\u00e9 \u00e0 tirer sa r\u00e9v\u00e9\u00adrance au sommet qui peut ternir des l\u00e9gendes. A 45 ans, Venus Williams semble en prendre le chemin, repous\u00adsant constam\u00adment l\u2019\u00e9ch\u00e9ance, au grand d\u00e9sarroi de notre confr\u00e8re Beno\u00eet Maylin, jour\u00adna\u00adliste phare de l\u2019\u00e9mis\u00adsion Sans Filet de Winamax.<\/p>\n<blockquote class=\"twitter-tweet\">\n<p lang=\"fr\" dir=\"ltr\">\ud83d\ude33 Et qui c\u2019est qui est invit\u00e9e et pour le double mixte et pour le simple \u00e0 l\u2019US Open ?!<\/p>\n<p>Venuuuus Williams.<\/p>\n<p>45 ans.<br \/>577e.<br \/>2 matchs en 2025.<br \/>2\u202fen 2024.<br \/>0 victoire \u00e0 New York depuis 2019\u2026<\/p>\n<p>Je sais, c\u2019est une l\u00e9gende, mais faut savoir dire stop.<br \/>\u00c7a devient ridi\u00adcule. <a href=\"https:\/\/t.co\/0DshFoIAEv\" data-wpel-link=\"external\" target=\"_blank\" rel=\"nofollow external noopener\">pic.twitter.com\/0DshFoIAEv<\/a><\/p>\n<p>\u2014 Benoit Maylin (@BenoitMaylin) <a href=\"https:\/\/twitter.com\/BenoitMaylin\/status\/1955667693404667953?ref_src=twsrc%5Etfw\" data-wpel-link=\"external\" target=\"_blank\" rel=\"nofollow external noopener\">August 13,\u00a02025<\/a><\/p><\/blockquote>\n<p><strong>\u00ab\u202fEt qui c\u2019est qui est invit\u00e9e et pour le double mixte et pour le simple \u00e0 l\u2019US Open ?! Venus Williams, 45 ans, 577e mondiale, deux matchs en 2025, deux en 2024, z\u00e9ro victoire \u00e0 New York depuis 2019\u2026 Je sais, c\u2019est une l\u00e9gende, mais faut savoir dire stop. \u00c7a devient ridicule\u202f\u00bb.<\/strong><\/p>\n<p class=\"post-published-date\" style=\"color: silver; font-size: 75%; text-align: left;\">Publi\u00e9 le mercredi 13 ao\u00fbt 2025 \u00e0 19:45<\/p>\n<p><script async src=\"https:\/\/platform.twitter.com\/widgets.js\" charset=\"utf-8\"><\/script><\/p>\n","protected":false},"excerpt":{"rendered":"Savoir se retirer au bon moment fait aussi partie du processus pour rester dans la post\u00e9\u00adrit\u00e9, mais Pete&hellip;\n","protected":false},"author":2,"featured_media":6936,"comment_status":"","ping_status":"","sticky":false,"template":"","format":"standard","meta":{"footnotes":""},"categories":[9],"tags":[2199,1011,27,1960,2201,60],"class_list":{"0":"post-317050","1":"post","2":"type-post","3":"status-publish","4":"format-standard","5":"has-post-thumbnail","7":"category-sports","8":"tag-federer","9":"tag-fr","10":"tag-france","11":"tag-nadal","12":"tag-serena-williams","13":"tag-sports"},"share_on_mastodon":{"url":"https:\/\/pubeurope.com\/@fr\/115023320501779901","error":""},"_links":{"self":[{"href":"https:\/\/www.europesays.com\/fr\/wp-json\/wp\/v2\/posts\/317050","targetHints":{"allow":["GET"]}}],"collection":[{"href":"https:\/\/www.europesays.com\/fr\/wp-json\/wp\/v2\/posts"}],"about":[{"href":"https:\/\/www.europesays.com\/fr\/wp-json\/wp\/v2\/types\/post"}],"author":[{"embeddable":true,"href":"https:\/\/www.europesays.com\/fr\/wp-json\/wp\/v2\/users\/2"}],"replies":[{"embeddable":true,"href":"https:\/\/www.europesays.com\/fr\/wp-json\/wp\/v2\/comments?post=317050"}],"version-history":[{"count":0,"href":"https:\/\/www.europesays.com\/fr\/wp-json\/wp\/v2\/posts\/317050\/revisions"}],"wp:featuredmedia":[{"embeddable":true,"href":"https:\/\/www.europesays.com\/fr\/wp-json\/wp\/v2\/media\/6936"}],"wp:attachment":[{"href":"https:\/\/www.europesays.com\/fr\/wp-json\/wp\/v2\/media?parent=317050"}],"wp:term":[{"taxonomy":"category","embeddable":true,"href":"https:\/\/www.europesays.com\/fr\/wp-json\/wp\/v2\/categories?post=317050"},{"taxonomy":"post_tag","embeddable":true,"href":"https:\/\/www.europesays.com\/fr\/wp-json\/wp\/v2\/tags?post=317050"}],"curies":[{"name":"wp","href":"https:\/\/api.w.org\/{rel}","templated":true}]}}