{"id":317055,"date":"2025-08-13T20:24:09","date_gmt":"2025-08-13T20:24:09","guid":{"rendered":"https:\/\/www.europesays.com\/fr\/317055\/"},"modified":"2025-08-13T20:24:09","modified_gmt":"2025-08-13T20:24:09","slug":"faites-de-bonnes-voitures-electriques-en-croyant-tacler-mercedes-musk-tombe-dans-le-piege-des-reseaux-sociaux-frandroid","status":"publish","type":"post","link":"https:\/\/www.europesays.com\/fr\/317055\/","title":{"rendered":"\u00ab Faites de bonnes voitures \u00e9lectriques ! \u00bb : en croyant tacler Mercedes, Musk tombe dans le pi\u00e8ge des r\u00e9seaux sociaux &#8211; Frandroid"},"content":{"rendered":"<ol>\n<li><a href=\"https:\/\/news.google.com\/rss\/articles\/CBMi-AFBVV95cUxNaUsxQ1NHUjZjSm5FNzVsdjFScG5uaGdsRHBhZ014TVcxUEdrUGxxUi0xODhHd2tnY2J0Ym01ZEh5QV9CY2Q2REhyZkxwYWx2aDR4dXk4aTVrcjA4ZWFyOG1jdkpFQnFuSnh3VjViaXNFY2dPVUstSWVZS3VoSFZXNTdKQjJmcXRuMXEyakplWnY2Qlg1SS1QaG9mblZXSXM2Z2NGZ3ZsNUZsQUJ2dmZrSVBTX1RRNDByb3pLQnE3T1BwU0dTalloVWJ5T1k2WjZXcHBBMm5ycWV5YlpVLTZQYUthNHhGSjk2ZzVyM1BxaFNXQnVubTZpTw?oc=5\" target=\"_blank\" rel=\"nofollow noopener\">\u00ab Faites de bonnes voitures \u00e9lectriques ! \u00bb : en croyant tacler Mercedes, Musk tombe dans le pi\u00e8ge des r\u00e9seaux sociaux<\/a>&nbsp;&nbsp;Frandroid<\/li>\n<li><a href=\"https:\/\/news.google.com\/rss\/articles\/CBMi4AFBVV95cUxNM2JqSnllRFhjU3NtZFdYcDFydGNPLTNacE9WSzNIVkgwU2pEU0xLXzA0Q0lpVTJEQ3MtVjNlTF9MNDZfVUdrR2dmUW0xeG10bmFRZ1Y5U3Z4aUlWZ3dEZVcyS2NtLWxVeGh5UHdDTE1uSVZtWm5vWndjSEZwS0NuSDlEVkpabkEwV3p2S2FnMDZPNHhtSFRPbzhqNzEzWmpTT050ejVKbnpSTVpTajROSzlQNS1KX2R1dXpadDRwMmZ2RGJoaFNNdWdCQ1F2Z2ltcTZWbU1JQ2dXSFpEaWhwUA?oc=5\" target=\"_blank\" rel=\"nofollow noopener\">\u00ab Fabriquez de bons v\u00e9hicules \u00e9lectriques \u00bb, Elon Musk ne m\u00e2che pas ses mots contre ce constructeur allemand<\/a>&nbsp;&nbsp;Numerama<\/li>\n<li><a href=\"https:\/\/news.google.com\/rss\/articles\/CBMinAJBVV95cUxPVFY3UlNweEk0Q3lzN2NDU2I5MmNIWmxDczctUmR5bG10enNGOGNVR3pyRTZoMjNjTHZtTkt3UTRieTN1TkVUMUJnR21EX0p0a09ld3ZuM1o2REJ4cmxDeU1zdEN1NHRZb1lmc2g2TzQ0a3JnRGtYdGNsRUU4UVB1X1ExR3pWdldtZjYtR0dJSVhFVmJZVjZ6TDBYeHRGSUd3RVItR3BnYUVkQnk0NHpOWmVISVFfQVFjbG1SNjNwZlRPRGFaV3FtaWlrVlNPeGw0bmFhTjMwVXBwdU9PYzdKQnA0RExGbWpJeHNqOTlBTDhMNFlCM3VoekZqcVJ0VW9xLWJDWmxqS21jMW10aEkzMkQ5ZUtGVWNNTEh1Sw?oc=5\" target=\"_blank\" rel=\"nofollow noopener\">Tout-\u00e9lectrique en 2035 : deux g\u00e9ants allemands pr\u00e9viennent, \u00ab\u00a0nous fon\u00e7ons \u00e0 pleine vitesse contre un mur\u00a0\u00bb<\/a>&nbsp;&nbsp;La Libre.be<\/li>\n<li><a href=\"https:\/\/news.google.com\/rss\/articles\/CBMiiAFBVV95cUxPNEg5WEZxTi1aWGMwbVgxSmNocFJPcHNrYjI2TVJSS3I3VVBUU3duSWFrbWtDTWZOM1VjUXpVcEs3MGJIc0V2MWhqaW1TeGFJMEpsUFA3UEFPMVpQRkdlOEhJLVlodzZWcHcxTWNZeUZQNGJ5ZDNTenJuVjRLNmpuUkg3SjBfaDNW?oc=5\" target=\"_blank\" rel=\"nofollow noopener\">C\u2019est au tour de Mercedes de ne pas vouloir aller \u00ab droit dans le mur \u00bb<\/a>&nbsp;&nbsp;Transitions &amp; Energies<\/li>\n<li><a href=\"https:\/\/news.google.com\/rss\/articles\/CBMiugFBVV95cUxQTjdyalFIeFl1QXdkQzE1SnBic0JSZ1owQWIzRlNpMDgzRV9ZbXBNYU1nbWRNazAtR3ZIbnl4cFhqZFV6UjFsYldKMlRiSGpURkpiT21TbFZRaWlQX0ljSmdFNXRrak1iNi1ndHpENXppeVc4UkJfSng4VHBjZjdkVjFJaXZOV19DcERsTWJfY01yUTQxTDNMbTl2Vjc2eWJrUEVoRmQ4Z0ZBYlNaZXo4Wkk4ZUJpQlZ2WlE?oc=5\" target=\"_blank\" rel=\"nofollow noopener\">Le patron de Mercedes s&rsquo;oppose \u00e0 la fin des voitures thermiques en 2035<\/a>&nbsp;&nbsp;Automobile Propre<\/li>\n<\/ol>\n","protected":false},"excerpt":{"rendered":"\u00ab Faites de bonnes voitures \u00e9lectriques ! \u00bb : en croyant tacler Mercedes, Musk tombe dans le pi\u00e8ge&hellip;\n","protected":false},"author":2,"featured_media":1445,"comment_status":"","ping_status":"","sticky":false,"template":"","format":"standard","meta":{"footnotes":""},"categories":[6],"tags":[35,33,34,1011,27],"class_list":{"0":"post-317055","1":"post","2":"type-post","3":"status-publish","4":"format-standard","5":"has-post-thumbnail","7":"category-economie","8":"tag-business","9":"tag-economie","10":"tag-economy","11":"tag-fr","12":"tag-france"},"share_on_mastodon":{"url":"https:\/\/pubeurope.com\/@fr\/115023332193596128","error":""},"_links":{"self":[{"href":"https:\/\/www.europesays.com\/fr\/wp-json\/wp\/v2\/posts\/317055","targetHints":{"allow":["GET"]}}],"collection":[{"href":"https:\/\/www.europesays.com\/fr\/wp-json\/wp\/v2\/posts"}],"about":[{"href":"https:\/\/www.europesays.com\/fr\/wp-json\/wp\/v2\/types\/post"}],"author":[{"embeddable":true,"href":"https:\/\/www.europesays.com\/fr\/wp-json\/wp\/v2\/users\/2"}],"replies":[{"embeddable":true,"href":"https:\/\/www.europesays.com\/fr\/wp-json\/wp\/v2\/comments?post=317055"}],"version-history":[{"count":0,"href":"https:\/\/www.europesays.com\/fr\/wp-json\/wp\/v2\/posts\/317055\/revisions"}],"wp:featuredmedia":[{"embeddable":true,"href":"https:\/\/www.europesays.com\/fr\/wp-json\/wp\/v2\/media\/1445"}],"wp:attachment":[{"href":"https:\/\/www.europesays.com\/fr\/wp-json\/wp\/v2\/media?parent=317055"}],"wp:term":[{"taxonomy":"category","embeddable":true,"href":"https:\/\/www.europesays.com\/fr\/wp-json\/wp\/v2\/categories?post=317055"},{"taxonomy":"post_tag","embeddable":true,"href":"https:\/\/www.europesays.com\/fr\/wp-json\/wp\/v2\/tags?post=317055"}],"curies":[{"name":"wp","href":"https:\/\/api.w.org\/{rel}","templated":true}]}}