{"id":317056,"date":"2025-08-13T20:25:10","date_gmt":"2025-08-13T20:25:10","guid":{"rendered":"https:\/\/www.europesays.com\/fr\/317056\/"},"modified":"2025-08-13T20:25:10","modified_gmt":"2025-08-13T20:25:10","slug":"le-traite-mondial-contre-la-pollution-plastique-vole-en-eclats-a-geneve","status":"publish","type":"post","link":"https:\/\/www.europesays.com\/fr\/317056\/","title":{"rendered":"le trait\u00e9 mondial contre la pollution plastique vole en \u00e9clats \u00e0 Gen\u00e8ve"},"content":{"rendered":"<p>Les dissensions entre pays ont eu raison de cette initiative visant \u00e0 prot\u00e9ger l\u2019environnement. Greenpeace accuse \u00abl\u2019industrie p\u00e9trochimique\u00bb d\u2019\u00eatre \u00e0 la man\u0153uvre.<\/p>\n<p class=\"fig-paragraph\">Nouvel \u00e9chec pour la plan\u00e8te. Les pourparlers pour \u00e9laborer le premier trait\u00e9 international contre la\u00a0<a href=\"http:\/\/www.lefigaro.fr\/sciences\/plastiques-extraction-miniere-pollutions-sonores-au-sommet-sur-l-ocean-des-pays-s-allient-en-faveur-de-la-haute-mer-20250611\" data-fig-type=\"Article\" data-gtm-custom-categorie=\"navigation\" data-gtm-custom-action=\"crossclick\" data-gtm-custom-label=\"Contextuel\" data-gtm-event=\"customEventSPE\" data-fig-domain=\"LEFIGARO\" target=\"_blank\" rel=\"noopener\">pollution plastique<\/a>\u00a0ont vol\u00e9 en \u00e9clats mercredi \u00e0 Gen\u00e8ve \u00e0 trente heures de la fin pr\u00e9vue des n\u00e9gociations, la plupart des pays ayant rejet\u00e9 une tentative maladroite de synth\u00e8se de la pr\u00e9sidence. Apr\u00e8s pr\u00e8s de\u00a0<a href=\"http:\/\/www.lefigaro.fr\/sciences\/le-monde-engage-la-bataille-contre-la-pollution-plastique-20250804\" data-fig-type=\"Article\" data-gtm-custom-categorie=\"navigation\" data-gtm-custom-action=\"crossclick\" data-gtm-custom-label=\"Contextuel\" data-gtm-event=\"customEventSPE\" data-fig-domain=\"LEFIGARO\" target=\"_blank\" rel=\"noopener\">trois ans de n\u00e9gociations<\/a>\u00a0et neuf jours d&rsquo;intenses discussions au bord du lac L\u00e9man, le diplomate qui pr\u00e9side les d\u00e9bats, Luis Vayas Valdivieso, a pr\u00e9sent\u00e9 un texte de synth\u00e8se et une proc\u00e9dure assez complexe de consultation pour tenter de surmonter les positions encore tr\u00e8s \u00e9loign\u00e9es.<\/p>\n<p class=\"fig-paragraph\">Mais au lieu de permettre d&rsquo;avancer, le texte de 31 articles a provoqu\u00e9 la col\u00e8re ou au moins l&rsquo;insatisfaction de la majorit\u00e9 des d\u00e9l\u00e9gu\u00e9s pr\u00e9sents dans la salle qui ne l&rsquo;acceptent pas comme base de n\u00e9gociation. La Colombie, qui veut un texte ambitieux pour lutter contre la pollution plastique, a jug\u00e9 le document \u00abinacceptable\u00bb et demand\u00e9 un nouveau texte. Le Chili, le Mexique, le Panama, le Canada ainsi que l&rsquo;Union europ\u00e9enne, y compris la France, ont embo\u00eet\u00e9 le pas au pays sud-am\u00e9ricain, ainsi que les petites \u00eeles du Pacifique.<\/p>\n<p>                                    <a class=\"fig-a11y-skip a11y-hidden\" href=\"#fig-a11y-skip-main-inarticle\"><br \/>\n        Passer la publicit\u00e9<br \/>\n    <\/a><\/p>\n<p>\u00abD\u00e9s\u00e9quilibr\u00e9\u00bb<\/p>\n<p class=\"fig-paragraph\">Pour le repr\u00e9sentant du Chili, ce texte est \u00abclairement d\u00e9s\u00e9quilibr\u00e9\u00bb, car \u00abtout est rel\u00e9gu\u00e9 au niveau national et le texte ne cr\u00e9e aucun espace de coop\u00e9ration internationale pour lutter contre la pollution plastique\u00bb. Le texte \u00abne fait pas le minimum n\u00e9cessaire pour r\u00e9pondre \u00e0 l&rsquo;urgence du d\u00e9fi auquel nous faisons face\u00bb, a relev\u00e9 le ministre de l&rsquo;Environnement du Danemark Magnus Heunicke dont le pays assure la pr\u00e9sidence tournante de l&rsquo;UE.<\/p>\n<p class=\"fig-paragraph\">\u00abEn 2022, nous avons promis aux citoyens du monde un trait\u00e9 pour supprimer la pollution plastique et r\u00e9duire l&rsquo;utilisation de produits chimiques dans le plastique qui menacent l&rsquo;environnement et la sant\u00e9. Le texte propos\u00e9 n&rsquo;est pas ce que nous avons propos\u00e9 il y a trois ans\u00bb, a-t-il dit, en soulignant qu&rsquo;un compromis \u00abdemande des mouvements de toutes les parties\u00bb. \u00abCe texte parle de refermer une blessure&#8230; mais le texte pr\u00e9sent\u00e9 ici rend cette blessure fatale et nous ne l&rsquo;accepterons pas\u00bb, a d\u00e9clar\u00e9 le n\u00e9gociateur panam\u00e9en, ajoutant\u00a0: \u00abCe n&rsquo;est pas de l&rsquo;ambition, c&rsquo;est de la reddition.\u00bb<\/p>\n<p class=\"fig-paragraph\">Le Kenya a d\u00e9nonc\u00e9 l&rsquo;absence d&rsquo;obligations mondiales contraignantes sur quoi que ce soit, signifiant que cela \u00abn&rsquo;a aucune valeur d\u00e9montrable\u00bb. Les ONG de protection de l&rsquo;environnement ont aussi tir\u00e9 \u00e0 boulets rouges sur le texte, d\u00e9non\u00e7ant l&rsquo;absence de r\u00e9f\u00e9rence \u00e0 toute contrainte sur la production industrielle de plastique vierge. C&rsquo;est un \u00abcadeau \u00e0 l&rsquo;industrie p\u00e9trochimique et une trahison de l&rsquo;humanit\u00e9\u00bb, a jug\u00e9 Graham Forbes, chef de la d\u00e9l\u00e9gation de Greenpeace.<\/p>\n<p>M\u00eame les p\u00e9troliers<\/p>\n<p class=\"fig-paragraph\">M\u00eame les pays p\u00e9troliers qui s&rsquo;opposaient \u00e0 toutes les demandes de r\u00e9gulation de la production de plastique et aux interdictions de certaines mol\u00e9cules chimiques dangereuses pour l&rsquo;environnement et la sant\u00e9, ont indiqu\u00e9 qu&rsquo;ils n&rsquo;aimaient pas le texte. Leurs critiques (Arabie saoudite, Kowe\u00eft, Bahre\u00efn, Qatar..) portent essentiellement sur l&rsquo;absence de \u00abcadre\u00bb et de champs d&rsquo;action.<\/p>\n<p class=\"fig-paragraph\">La Chine, qui est aussi le premier pays producteur mondial de plastique, a appel\u00e9 le pr\u00e9sident \u00e0 se \u00abconcentrer\u00bb sur les probl\u00e8mes les plus importants dans les derni\u00e8res heures de la n\u00e9gociation \u00abplut\u00f4t que d&rsquo;accro\u00eetre les divergences\u00bb. \u00abIl faut un r\u00e9\u00e9quilibrage du texte\u00bb a jug\u00e9 la ministre fran\u00e7aise de la transition \u00e9cologique Agn\u00e8s Pannier Runacher. \u00abDe mon point de vue, il est possible d&rsquo;\u00e9crire un texte d&rsquo;une dizaine de pages qui prenne en compte tous les points principaux du dossier\u00bb. Le plus difficile \u00abc&rsquo;est de le faire adopter\u00bb.<\/p>\n<p>                                    <a class=\"fig-a11y-skip a11y-hidden\" href=\"#fig-a11y-skip-main-inarticle_mtf\"><br \/>\n        Passer la publicit\u00e9<br \/>\n    <\/a><\/p>\n<p class=\"fig-paragraph\">Le conseil international de la chimie (ICCA) n&rsquo;a pas \u00e9mis d&rsquo;avis sur le texte mais il a mis en garde les \u00c9tats contre une tentation de rejet d&rsquo;ici la fin des pourparlers: \u00abSi le d\u00e9sir d&rsquo;avoir un accord parfait a pour cons\u00e9quence de quitter Gen\u00e8ve sans accord, le monde aura perdu la meilleure opportunit\u00e9 qu&rsquo;il ait jamais eue pour affronter la pollution plastique \u00e0 une \u00e9chelle mondiale\u00bb, indique un bref communiqu\u00e9 transmis \u00e0 l&rsquo;AFP.<\/p>\n","protected":false},"excerpt":{"rendered":"Les dissensions entre pays ont eu raison de cette initiative visant \u00e0 prot\u00e9ger l\u2019environnement. Greenpeace accuse \u00abl\u2019industrie p\u00e9trochimique\u00bb&hellip;\n","protected":false},"author":2,"featured_media":317057,"comment_status":"","ping_status":"","sticky":false,"template":"","format":"standard","meta":{"footnotes":""},"categories":[5],"tags":[11,1011,27,14,12,6579,1800,28],"class_list":{"0":"post-317056","1":"post","2":"type-post","3":"status-publish","4":"format-standard","5":"has-post-thumbnail","7":"category-international","8":"tag-actualites","9":"tag-fr","10":"tag-france","11":"tag-international","12":"tag-news","13":"tag-plastique","14":"tag-pollution","15":"tag-world"},"share_on_mastodon":{"url":"https:\/\/pubeurope.com\/@fr\/115023336187389860","error":""},"_links":{"self":[{"href":"https:\/\/www.europesays.com\/fr\/wp-json\/wp\/v2\/posts\/317056","targetHints":{"allow":["GET"]}}],"collection":[{"href":"https:\/\/www.europesays.com\/fr\/wp-json\/wp\/v2\/posts"}],"about":[{"href":"https:\/\/www.europesays.com\/fr\/wp-json\/wp\/v2\/types\/post"}],"author":[{"embeddable":true,"href":"https:\/\/www.europesays.com\/fr\/wp-json\/wp\/v2\/users\/2"}],"replies":[{"embeddable":true,"href":"https:\/\/www.europesays.com\/fr\/wp-json\/wp\/v2\/comments?post=317056"}],"version-history":[{"count":0,"href":"https:\/\/www.europesays.com\/fr\/wp-json\/wp\/v2\/posts\/317056\/revisions"}],"wp:featuredmedia":[{"embeddable":true,"href":"https:\/\/www.europesays.com\/fr\/wp-json\/wp\/v2\/media\/317057"}],"wp:attachment":[{"href":"https:\/\/www.europesays.com\/fr\/wp-json\/wp\/v2\/media?parent=317056"}],"wp:term":[{"taxonomy":"category","embeddable":true,"href":"https:\/\/www.europesays.com\/fr\/wp-json\/wp\/v2\/categories?post=317056"},{"taxonomy":"post_tag","embeddable":true,"href":"https:\/\/www.europesays.com\/fr\/wp-json\/wp\/v2\/tags?post=317056"}],"curies":[{"name":"wp","href":"https:\/\/api.w.org\/{rel}","templated":true}]}}