{"id":317060,"date":"2025-08-13T20:27:19","date_gmt":"2025-08-13T20:27:19","guid":{"rendered":"https:\/\/www.europesays.com\/fr\/317060\/"},"modified":"2025-08-13T20:27:19","modified_gmt":"2025-08-13T20:27:19","slug":"lincendie-dans-laude-est-vraisemblablement-dorigine-criminelle","status":"publish","type":"post","link":"https:\/\/www.europesays.com\/fr\/317060\/","title":{"rendered":"L\u2019incendie dans l\u2019Aude\u00a0est vraisemblablement d\u2019origine criminelle"},"content":{"rendered":"<p>L\u2019<a href=\"https:\/\/www.20minutes.fr\/dossier\/incendie\" class=\"c-link c-link--is-underlined\" target=\"_blank\" rel=\"noopener\">incendie <\/a>qui a ravag\u00e9 pr\u00e8s de 17.000 hectares dans l\u2019<a href=\"https:\/\/www.20minutes.fr\/societe\/aude\/\" class=\"c-link c-link--is-underlined\" target=\"_blank\" rel=\"noopener\">Aude <\/a>pourrait \u00eatre d\u2019origine \u00ab\u00a0criminelle, r\u00e9sultant d\u2019un acte volontaire\u00a0\u00bb, \u00e9voque, dans un communiqu\u00e9 de presse, le procureur de la R\u00e9publique de <a href=\"https:\/\/www.20minutes.fr\/montpellier\/\" class=\"c-link c-link--is-underlined\" target=\"_blank\" rel=\"noopener\">Montpellier<\/a>. \u00ab\u00a0Au fur et \u00e0 mesure des investigations des gendarmes et des services sp\u00e9cialis\u00e9s, il est apparu que cet incendie avait une origine anthropique, toute cause naturelle \u00e9tant exclue\u00a0\u00bb, pr\u00e9cise le magistrat.<\/p>\n<p>\u00ab\u00a0Cette premi\u00e8re expertise demande \u00e0 \u00eatre confirm\u00e9e par des investigations compl\u00e9mentaires nombreuses dont la dur\u00e9e peut s\u2019av\u00e9rer importante\u00a0\u00bb, pr\u00e9cise le parquet. Deux juges d\u2019instruction ont \u00e9t\u00e9 saisis compte tenu des cons\u00e9quences humaines, environnementales et mat\u00e9rielles du feu.<\/p>\n<p>Un mort, deux bless\u00e9s graves, 17.000 hectares calcin\u00e9s<\/p>\n<p>Outre les 17.000 hectares calcin\u00e9s (dont 4.100\u00a0ha de garrigues et landes, 4.700\u00a0ha de futaies r\u00e9sineuses, 800\u00a0ha de taillis et 2.200\u00a0ha de cultures), le bilan de cet incendie commenc\u00e9 le 5\u00a0ao\u00fbt est tr\u00e8s lourd. Une personne est d\u00e9c\u00e9d\u00e9e dans l\u2019incendie de sa maison, deux autres sont gravement bless\u00e9es et de nombreuses autres plus l\u00e9g\u00e8rement bless\u00e9es, dont une vingtaine de pompiers.<\/p>\n<\/p>\n<p>Le feu a travers\u00e9 seize villages au total selon la pr\u00e9fecture et d\u00e9truit une centaine d\u2019hectares de zones urbanis\u00e9es ou artificialis\u00e9es. Il a occasionn\u00e9 la destruction d\u2019au moins 36 habitations et de nombreux v\u00e9hicules. Il s&rsquo;agit du pire incendie depuis au moins 50 ans sur le pourtour m\u00e9diterran\u00e9en fran\u00e7ais, selon la Base de donn\u00e9es gouvernementale des incendies de for\u00eat en France. Elle r\u00e9pertorie depuis 1973 la surface totale parcourue par les flammes.<\/p>\n","protected":false},"excerpt":{"rendered":"L\u2019incendie qui a ravag\u00e9 pr\u00e8s de 17.000 hectares dans l\u2019Aude pourrait \u00eatre d\u2019origine \u00ab\u00a0criminelle, r\u00e9sultant d\u2019un acte volontaire\u00a0\u00bb,&hellip;\n","protected":false},"author":2,"featured_media":317061,"comment_status":"","ping_status":"","sticky":false,"template":"","format":"standard","meta":{"footnotes":""},"categories":[2],"tags":[47,11,4086,1312,1011,27,7089,1310,23559,303,2681,2208,12,2680],"class_list":{"0":"post-317060","1":"post","2":"type-post","3":"status-publish","4":"format-standard","5":"has-post-thumbnail","7":"category-actualites","8":"tag-actualite","9":"tag-actualites","10":"tag-aude","11":"tag-feu","12":"tag-fr","13":"tag-france","14":"tag-herault","15":"tag-incendie","16":"tag-incendie-criminel","17":"tag-justice","18":"tag-languedoc-roussillon","19":"tag-montpellier","20":"tag-news","21":"tag-occitanie"},"share_on_mastodon":{"url":"https:\/\/pubeurope.com\/@fr\/115023343974757357","error":""},"_links":{"self":[{"href":"https:\/\/www.europesays.com\/fr\/wp-json\/wp\/v2\/posts\/317060","targetHints":{"allow":["GET"]}}],"collection":[{"href":"https:\/\/www.europesays.com\/fr\/wp-json\/wp\/v2\/posts"}],"about":[{"href":"https:\/\/www.europesays.com\/fr\/wp-json\/wp\/v2\/types\/post"}],"author":[{"embeddable":true,"href":"https:\/\/www.europesays.com\/fr\/wp-json\/wp\/v2\/users\/2"}],"replies":[{"embeddable":true,"href":"https:\/\/www.europesays.com\/fr\/wp-json\/wp\/v2\/comments?post=317060"}],"version-history":[{"count":0,"href":"https:\/\/www.europesays.com\/fr\/wp-json\/wp\/v2\/posts\/317060\/revisions"}],"wp:featuredmedia":[{"embeddable":true,"href":"https:\/\/www.europesays.com\/fr\/wp-json\/wp\/v2\/media\/317061"}],"wp:attachment":[{"href":"https:\/\/www.europesays.com\/fr\/wp-json\/wp\/v2\/media?parent=317060"}],"wp:term":[{"taxonomy":"category","embeddable":true,"href":"https:\/\/www.europesays.com\/fr\/wp-json\/wp\/v2\/categories?post=317060"},{"taxonomy":"post_tag","embeddable":true,"href":"https:\/\/www.europesays.com\/fr\/wp-json\/wp\/v2\/tags?post=317060"}],"curies":[{"name":"wp","href":"https:\/\/api.w.org\/{rel}","templated":true}]}}