{"id":317066,"date":"2025-08-13T20:30:33","date_gmt":"2025-08-13T20:30:33","guid":{"rendered":"https:\/\/www.europesays.com\/fr\/317066\/"},"modified":"2025-08-13T20:30:33","modified_gmt":"2025-08-13T20:30:33","slug":"nancy-ils-cambriolent-lepicerie-et-se-font-attraper-juste-a-cote-alors-quils-passaient-leur-butin-en-revue","status":"publish","type":"post","link":"https:\/\/www.europesays.com\/fr\/317066\/","title":{"rendered":"Nancy. Ils cambriolent l&rsquo;\u00e9picerie et se font attraper juste \u00e0 c\u00f4t\u00e9, alors qu&rsquo;ils passaient leur butin en revue"},"content":{"rendered":"<p>La porte a r\u00e9sist\u00e9 mais pas la baie vitr\u00e9e. Dans la nuit de mardi \u00e0 mercredi 13\u00a0ao\u00fbt, vers 4\u00a0h\u00a030, l\u2019\u00e9picerie Mixte situ\u00e9 \u00e0 l\u2019angle de la rue Lionnois et de l\u2019avenue de Strasbourg \u00e0 Nancy, a \u00e9t\u00e9 la cible d\u2019un cambriolage.<\/p>\n<p>R\u00e9veill\u00e9 par le fracas, un riverain observait alors deux individus tout de noir v\u00eatus qui s\u2019engouffraient dans le commerce sp\u00e9cialis\u00e9 dans la vente de produits fran\u00e7ais, russes et arm\u00e9niens.<\/p>\n<p>Le t\u00e9moin alertait la police. Rapidement sur les lieux, la brigade anticriminalit\u00e9 rep\u00e9rait les suspects qui prenaient la fuite en direction de la rue Lionnois.<\/p>\n<p>Un jeune en fugue<\/p>\n<p>Les deux individus \u00e9taient finalement interpell\u00e9s derri\u00e8re l\u2019\u00e9glise Saint-Pierre alors qu\u2019ils venaient de vider leurs deux sacs afin de passer en revue leur butin\u00a0: bouteilles d\u2019alcool, paquets de feuilles \u00e0 rouler, de chewing-gum, briquets, boissons \u00e9nergisantes, fonds de caisse d\u2019une cinquantaine d\u2019euros\u2026<\/p>\n<p>Une jeune fille qui venait de rejoindre le duo \u00e9tait \u00e9galement interpell\u00e9e. Tous les trois \u00e9taient plac\u00e9s en garde \u00e0 vue au groupe d\u2019action judiciaire. \u00c2g\u00e9e de 16 ans, la mineure \u00e9tait mise hors de cause. Les deux suspects, deux fr\u00e8res domicili\u00e9s \u00e0 Tomblaine \u00e2g\u00e9s de 14 et 17 ans &#8211; le plus jeune est en fugue d\u2019un foyer &#8211; sont convoqu\u00e9s en justice dans le cadre d\u2019une composition p\u00e9nale.<\/p>\n","protected":false},"excerpt":{"rendered":"La porte a r\u00e9sist\u00e9 mais pas la baie vitr\u00e9e. Dans la nuit de mardi \u00e0 mercredi 13\u00a0ao\u00fbt, vers&hellip;\n","protected":false},"author":2,"featured_media":317067,"comment_status":"","ping_status":"","sticky":false,"template":"","format":"standard","meta":{"footnotes":""},"categories":[9635],"tags":[1111,11,4406,271,272,33,1704,1777,674,274,1011,27,775,3457,1702,1703,12,25],"class_list":{"0":"post-317066","1":"post","2":"type-post","3":"status-publish","4":"format-standard","5":"has-post-thumbnail","7":"category-nancy","8":"tag-actu","9":"tag-actualites","10":"tag-commerce-et-services","11":"tag-crime","12":"tag-delit-et-contravention","13":"tag-economie","14":"tag-edition-nancy-et-agglomeration","15":"tag-eu","16":"tag-europe","17":"tag-faits-divers-justice","18":"tag-fr","19":"tag-france","20":"tag-grand-est","21":"tag-meurthe-et-moselle","22":"tag-nancy","23":"tag-nancy-ville-54b","24":"tag-news","25":"tag-republique-francaise"},"share_on_mastodon":{"url":"https:\/\/pubeurope.com\/@fr\/115023355873989648","error":""},"_links":{"self":[{"href":"https:\/\/www.europesays.com\/fr\/wp-json\/wp\/v2\/posts\/317066","targetHints":{"allow":["GET"]}}],"collection":[{"href":"https:\/\/www.europesays.com\/fr\/wp-json\/wp\/v2\/posts"}],"about":[{"href":"https:\/\/www.europesays.com\/fr\/wp-json\/wp\/v2\/types\/post"}],"author":[{"embeddable":true,"href":"https:\/\/www.europesays.com\/fr\/wp-json\/wp\/v2\/users\/2"}],"replies":[{"embeddable":true,"href":"https:\/\/www.europesays.com\/fr\/wp-json\/wp\/v2\/comments?post=317066"}],"version-history":[{"count":0,"href":"https:\/\/www.europesays.com\/fr\/wp-json\/wp\/v2\/posts\/317066\/revisions"}],"wp:featuredmedia":[{"embeddable":true,"href":"https:\/\/www.europesays.com\/fr\/wp-json\/wp\/v2\/media\/317067"}],"wp:attachment":[{"href":"https:\/\/www.europesays.com\/fr\/wp-json\/wp\/v2\/media?parent=317066"}],"wp:term":[{"taxonomy":"category","embeddable":true,"href":"https:\/\/www.europesays.com\/fr\/wp-json\/wp\/v2\/categories?post=317066"},{"taxonomy":"post_tag","embeddable":true,"href":"https:\/\/www.europesays.com\/fr\/wp-json\/wp\/v2\/tags?post=317066"}],"curies":[{"name":"wp","href":"https:\/\/api.w.org\/{rel}","templated":true}]}}