{"id":317068,"date":"2025-08-13T20:31:18","date_gmt":"2025-08-13T20:31:18","guid":{"rendered":"https:\/\/www.europesays.com\/fr\/317068\/"},"modified":"2025-08-13T20:31:18","modified_gmt":"2025-08-13T20:31:18","slug":"premier-contrat-professionnel-pour-le-jeune-zakaria-ztouti","status":"publish","type":"post","link":"https:\/\/www.europesays.com\/fr\/317068\/","title":{"rendered":"premier contrat professionnel pour le jeune Zakaria Ztouti"},"content":{"rendered":"<p>C\u2019est compl\u00e8tement m\u00e9rit\u00e9 sur ce que Zakaria Ztouti a montr\u00e9 tout au long de sa premi\u00e8re pr\u00e9paration avec l\u2019effectif professionnel, encore plus apr\u00e8s son entr\u00e9e en jeu remarqu\u00e9e <a href=\"https:\/\/www.estrepublicain.fr\/sport\/2025\/08\/11\/ligue-2-l-as-nancy-lorraine-a-debloque-son-compteur-et-bien-plus-encore\" target=\"_blank\" rel=\"noopener\">samedi \u00e0 Rodez<\/a> , \u00e0 l\u2019occasion de la 1re \u00a0journ\u00e9e de Ligue 2. C\u2019est aussi la r\u00e9compense d\u2019un tr\u00e8s joli parcours depuis ses premiers dribbles en Moselle (Far\u00e9bersviller, Merlebach, Saint-Avold), qui l\u2019ont conduit au P\u00f4le Espoirs de Nancy et \u00e0 l\u2019ASNL, avant de briller lors de l\u2019\u00e9pop\u00e9e <a href=\"https:\/\/www.estrepublicain.fr\/sport\/2024\/05\/25\/coupe-gambardella-suivez-la-finale-entre-l-as-nancy-lorraine-et-l-olympique-de-marseille-avec-nous\" target=\"_blank\" rel=\"noopener\">jusqu\u2019en finale de la Coupe Gambardella<\/a> , en 2024.<\/p>\n<p>Zakaria Ztouti (18 ans) a sign\u00e9, ce mercredi, son premier contrat pro avec le club au chardon. Preuve que l\u2019ASNL croit beaucoup en ce jeune joueur offensif, \u00e9l\u00e9gant balle au pied et malin face au but. Zakaria Ztouti poss\u00e8de, aussi, les m\u00eames initiales qu\u2019un certain Zin\u00e9dine Zidane, Z.Z\u2026 C\u2019est assez rare pour \u00eatre soulign\u00e9.<\/p>\n","protected":false},"excerpt":{"rendered":"C\u2019est compl\u00e8tement m\u00e9rit\u00e9 sur ce que Zakaria Ztouti a montr\u00e9 tout au long de sa premi\u00e8re pr\u00e9paration avec&hellip;\n","protected":false},"author":2,"featured_media":317069,"comment_status":"","ping_status":"","sticky":false,"template":"","format":"standard","meta":{"footnotes":""},"categories":[9635],"tags":[1111,11,3703,1704,1777,674,107,1701,63,1011,27,775,1702,1703,12,25,517,1700],"class_list":{"0":"post-317068","1":"post","2":"type-post","3":"status-publish","4":"format-standard","5":"has-post-thumbnail","7":"category-nancy","8":"tag-actu","9":"tag-actualites","10":"tag-asnl","11":"tag-edition-nancy-et-agglomeration","12":"tag-eu","13":"tag-europe","14":"tag-fil-info","15":"tag-fil-info-sport","16":"tag-football","17":"tag-fr","18":"tag-france","19":"tag-grand-est","20":"tag-nancy","21":"tag-nancy-ville-54b","22":"tag-news","23":"tag-republique-francaise","24":"tag-sport","25":"tag-sport-lorrain"},"share_on_mastodon":{"url":"https:\/\/pubeurope.com\/@fr\/115023359756847646","error":""},"_links":{"self":[{"href":"https:\/\/www.europesays.com\/fr\/wp-json\/wp\/v2\/posts\/317068","targetHints":{"allow":["GET"]}}],"collection":[{"href":"https:\/\/www.europesays.com\/fr\/wp-json\/wp\/v2\/posts"}],"about":[{"href":"https:\/\/www.europesays.com\/fr\/wp-json\/wp\/v2\/types\/post"}],"author":[{"embeddable":true,"href":"https:\/\/www.europesays.com\/fr\/wp-json\/wp\/v2\/users\/2"}],"replies":[{"embeddable":true,"href":"https:\/\/www.europesays.com\/fr\/wp-json\/wp\/v2\/comments?post=317068"}],"version-history":[{"count":0,"href":"https:\/\/www.europesays.com\/fr\/wp-json\/wp\/v2\/posts\/317068\/revisions"}],"wp:featuredmedia":[{"embeddable":true,"href":"https:\/\/www.europesays.com\/fr\/wp-json\/wp\/v2\/media\/317069"}],"wp:attachment":[{"href":"https:\/\/www.europesays.com\/fr\/wp-json\/wp\/v2\/media?parent=317068"}],"wp:term":[{"taxonomy":"category","embeddable":true,"href":"https:\/\/www.europesays.com\/fr\/wp-json\/wp\/v2\/categories?post=317068"},{"taxonomy":"post_tag","embeddable":true,"href":"https:\/\/www.europesays.com\/fr\/wp-json\/wp\/v2\/tags?post=317068"}],"curies":[{"name":"wp","href":"https:\/\/api.w.org\/{rel}","templated":true}]}}