{"id":317070,"date":"2025-08-13T20:32:11","date_gmt":"2025-08-13T20:32:11","guid":{"rendered":"https:\/\/www.europesays.com\/fr\/317070\/"},"modified":"2025-08-13T20:32:11","modified_gmt":"2025-08-13T20:32:11","slug":"a-labordage-quand-lom-fait-un-gros-clin-doeil-a-son-rival-toulonnais-sur-son-nouveau-maillot-third","status":"publish","type":"post","link":"https:\/\/www.europesays.com\/fr\/317070\/","title":{"rendered":"\u00ab\u00a0A l\u2019abordage\u00a0\u00bb: quand l\u2019OM fait un gros clin d\u2019\u0153il \u00e0 son \u00ab\u00a0rival\u00a0\u00bb toulonnais sur son nouveau maillot third"},"content":{"rendered":"<p><strong>L\u2019olympique de Marseille a d\u00e9voil\u00e9 il y a quelques jours ses maillots officiels<\/strong> pour la saison 2025\/2026. En soi, voil\u00e0 qui n\u2019int\u00e9resse pas plus que \u00e7a les Toulonnais, surtout pas les supporters du Sporting, et encore moins ceux qui ont connu les grandes heures des Azur et Or et <strong>l\u2019historique rivalit\u00e9<\/strong> avec le voisin phoc\u00e9en.<\/p>\n<blockquote class=\"twitter-tweet\" data-media-max-width=\"560\">\n<p lang=\"fr\" dir=\"ltr\">L&rsquo;\ud835\udde2\ud835\uddff\ud835\uddee\ud835\uddfb\ud835\uddf4\ud835\uddf2 \ud835\udde9\ud835\uddf2\u0301\ud835\uddf9\ud835\uddfc\ud835\uddf1\ud835\uddff\ud835\uddfc\ud835\uddfa\ud835\uddf2 est pr\u00eat ! Le \ud835\udc8e\ud835\udc82\ud835\udc8a\ud835\udc8d\ud835\udc8d\ud835\udc90\ud835\udc95 \ud835\udc95\ud835\udc89\ud835\udc8a\ud835\udc93\ud835\udc85 aussi \ud83c\udfdf\ufe0f\ud83d\udc99<\/p>\n<p>\ud83d\udd1c <a href=\"https:\/\/twitter.com\/hashtag\/OMAVFC?src=hash&amp;ref_src=twsrc%5Etfw\" rel=\"nofollow noopener\" target=\"_blank\">#OMAVFC<\/a> <a href=\"https:\/\/t.co\/lEWipF7CV7\" rel=\"nofollow\">pic.twitter.com\/lEWipF7CV7<\/a><\/p>\n<p>\u2014 Olympique de Marseille (@OM_Officiel) <a href=\"https:\/\/twitter.com\/OM_Officiel\/status\/1954197687428894890?ref_src=twsrc%5Etfw\" rel=\"nofollow noopener\" target=\"_blank\">August 9, 2025<\/a><\/p><\/blockquote>\n<p>Pourtant, ces derniers ont gentiment tiqu\u00e9 en apercevant la troisi\u00e8me tenue, <strong>le fameux \u00ab maillot third \u00bb<\/strong>, des Marseillais. En cause, sur un coin de tissu : <strong>un dr\u00f4le de bateau, avec une grande banderole \u00ab \u00e0 l\u2019abordage ! \u00bb<\/strong>, qui ne leur est certainement pas inconnu.<\/p>\n<p>              <img ci-src=\"https:\/\/www.varmatin.com\/football\/maillot-om-third-25-2620250811174944689a11185038a-ByjEwp80.jpg?vh=030d3f&amp;ci_seal=001f661e3b\" alt=\"\"\/><\/p>\n<p>Il s\u2019agit en effet <strong>d\u2019une r\u00e9f\u00e9rence \u00e0 un d\u00e9placement spectaculaire des supporters marseillais par la mer, le 28 ao\u00fbt 1991, pour un match au stade Mayol face au Sporting<\/strong> pour le compte de la 8e journ\u00e9e de championnat de France de 1re division.<\/p>\n<p>\u00c0 l\u2019\u00e9poque, l\u2019OM vient de s\u2019incliner en finale de Ligue des champions, et n\u2019a pas perdu un match de championnat. C\u2019est donc au sommet, gonfl\u00e9s d\u2019orgueil et d\u2019ambitions, que 250 supporters du virage Sud ont arm\u00e9 ce petit bateau, <strong>d\u00e9guis\u00e9s en pirates<\/strong>, <strong>pour une op\u00e9ration de \u00ab flibuste \u00bb contre la rade de Toulon et sa forteresse, Mayol<\/strong>, o\u00f9 va se jouer, dans la soir\u00e9e, le \u00ab derby de la mer \u00bb.<\/p>\n<p>Souvenir d\u2019une victoire&#8230; du Sporting !<\/p>\n<p>Quatre heures plus tard, <strong>l\u2019embarcation entre dans la plus belle rade d\u2019Europe<\/strong>, et la horde de personnages ciel et blanc est bien d\u00e9cid\u00e9e \u00e0 accoster et faire un coup d\u2019\u00e9clat. Rat\u00e9. Non seulement <strong>les CRS et quelques Varois r\u00e9servent un accueil muscl\u00e9 \u00e0 la petite troupe<\/strong>, conduite sous bonne escorte jusqu\u2019au stade.<\/p>\n<p>Mais, pour couronner le tout, <strong>le Sporting domine les \u00ab stars \u00bb de l\u2019OM sur le terrain<\/strong>, gr\u00e2ce \u00e0 un but&#8230; de l\u2019ancien \u00ab Marseillais \u00bb <strong>Fred Meyrieu<\/strong>. N\u2019en jetez plus. Cette nuit-l\u00e0, lorsque les supporters phoc\u00e9ens ont pli\u00e9 les gaules et repris la mer, <strong>\u00e7a chantait sans doute beaucoup moins fort sur le bateau&#8230;<\/strong><\/p>\n<p>La r\u00e9f\u00e9rence n\u2019est pas toute fra\u00eeche, mais le souvenir de ce d\u00e9placement spectaculaire est, semble-t-il, rest\u00e9 bien ancr\u00e9 dans les m\u00e9moires &#8211; et dans les deux ports &#8211; pour que l\u2019OM d\u00e9cide de le graver sur sa troisi\u00e8me peau. <strong>\u00c0 moins que le Sporting, qui n\u2019a plus affront\u00e9 l\u2019OM en championnat depuis le 9 janvier 1993, ne manque \u00e0 son rival historique&#8230;<\/strong><\/p>\n<p><script async src=\"https:\/\/platform.twitter.com\/widgets.js\" charset=\"utf-8\"><\/script><\/p>\n","protected":false},"excerpt":{"rendered":"L\u2019olympique de Marseille a d\u00e9voil\u00e9 il y a quelques jours ses maillots officiels pour la saison 2025\/2026. En&hellip;\n","protected":false},"author":2,"featured_media":317071,"comment_status":"","ping_status":"","sticky":false,"template":"","format":"standard","meta":{"footnotes":""},"categories":[9619],"tags":[1111,11,1777,674,63,1011,27,12,882,25,60,2310],"class_list":{"0":"post-317070","1":"post","2":"type-post","3":"status-publish","4":"format-standard","5":"has-post-thumbnail","7":"category-toulon","8":"tag-actu","9":"tag-actualites","10":"tag-eu","11":"tag-europe","12":"tag-football","13":"tag-fr","14":"tag-france","15":"tag-news","16":"tag-provence-alpes-cote-dazur","17":"tag-republique-francaise","18":"tag-sports","19":"tag-toulon"},"share_on_mastodon":{"url":"https:\/\/pubeurope.com\/@fr\/115023363672786624","error":""},"_links":{"self":[{"href":"https:\/\/www.europesays.com\/fr\/wp-json\/wp\/v2\/posts\/317070","targetHints":{"allow":["GET"]}}],"collection":[{"href":"https:\/\/www.europesays.com\/fr\/wp-json\/wp\/v2\/posts"}],"about":[{"href":"https:\/\/www.europesays.com\/fr\/wp-json\/wp\/v2\/types\/post"}],"author":[{"embeddable":true,"href":"https:\/\/www.europesays.com\/fr\/wp-json\/wp\/v2\/users\/2"}],"replies":[{"embeddable":true,"href":"https:\/\/www.europesays.com\/fr\/wp-json\/wp\/v2\/comments?post=317070"}],"version-history":[{"count":0,"href":"https:\/\/www.europesays.com\/fr\/wp-json\/wp\/v2\/posts\/317070\/revisions"}],"wp:featuredmedia":[{"embeddable":true,"href":"https:\/\/www.europesays.com\/fr\/wp-json\/wp\/v2\/media\/317071"}],"wp:attachment":[{"href":"https:\/\/www.europesays.com\/fr\/wp-json\/wp\/v2\/media?parent=317070"}],"wp:term":[{"taxonomy":"category","embeddable":true,"href":"https:\/\/www.europesays.com\/fr\/wp-json\/wp\/v2\/categories?post=317070"},{"taxonomy":"post_tag","embeddable":true,"href":"https:\/\/www.europesays.com\/fr\/wp-json\/wp\/v2\/tags?post=317070"}],"curies":[{"name":"wp","href":"https:\/\/api.w.org\/{rel}","templated":true}]}}