{"id":317078,"date":"2025-08-13T20:39:23","date_gmt":"2025-08-13T20:39:23","guid":{"rendered":"https:\/\/www.europesays.com\/fr\/317078\/"},"modified":"2025-08-13T20:39:23","modified_gmt":"2025-08-13T20:39:23","slug":"fc-grenoble-premier-et-seul-match-de-preparation-ce-vendredi","status":"publish","type":"post","link":"https:\/\/www.europesays.com\/fr\/317078\/","title":{"rendered":"FC Grenoble. Premier et seul match de pr\u00e9paration ce vendredi"},"content":{"rendered":"<p><strong>Apr\u00e8s une fin de saison tardive, Patrick P\u00e9zery et Nicolas Nadau ont fait le choix de programmer un seul match de pr\u00e9paration, ce vendredi face au Stade Aurillacois. Un adversaire que le FCG retrouvera lors de la deuxi\u00e8me journ\u00e9e, le 5 septembre prochain.<\/strong><\/p>\n<p><strong>Le maillot 2025-2026 inaugur\u00e9 ce vendredi<\/strong><\/p>\n<p>Alors que les Grenoblois ont entam\u00e9 leur quatri\u00e8me semaine de pr\u00e9paration, ils vont disputer leur premier match amical face au Stade Aurillacois. Une rencontre qui se d\u00e9roulera \u00e0 19h00 au Stade Jean-Alric et qui sera retransmis en direct sur la cha\u00eene <a href=\"https:\/\/www.twitch.tv\/fcgrugby\" target=\"_blank\" rel=\"noopener nofollow\">Twitch du club alpin<\/a>. Ce premier test sera l\u2019occasion pour les partenaires d\u2019Antonin Berruyer d\u2019endosser leurs nouvelles tenues, r\u00e9v\u00e9l\u00e9es au grand public ce mardi.<\/p>\n<p><strong>\u00a0<\/strong><\/p>\n<p><strong>Une r\u00e9p\u00e9tition avant la reprise du championnat<\/strong><\/p>\n<p>Dans le Cantal, les Grenoblois pourront peaufiner leurs automatismes avant de retrouver le chemin de la comp\u00e9tition, le 29 ao\u00fbt sur la pelouse d\u2019Oyonnax. Une reprise qui verra ensuite les hommes de Patrick P\u00e9zery et Nicolas Naudau affronter le Stade Aurillacois lors de la deuxi\u00e8me journ\u00e9e de Pro D2, le 5 septembre \u00e0 19h30. Un match qui marquera le retour des Is\u00e9rois dans leur enceinte apr\u00e8s l\u2019all\u00e9gement de la <a href=\"https:\/\/metro-sports.fr\/pro-d2-sanction-allegee-pour-le-fc-grenoble\/\" target=\"_blank\" rel=\"noopener nofollow\">sanction initialement prononc\u00e9e \u00e0 la suite des d\u00e9bordements face \u00e0 l\u2019Usap<\/a>. Le match de vendredi sera donc l\u2019occasion pour les Grenoblois de prendre un ascendant psychologique sur leur adversaire \u00e0 vingt jours de la confrontation en championnat entre les deux \u00e9curies.<\/p>\n<p><strong>Un adversaire en avance dans sa pr\u00e9paration\u00a0?<\/strong><\/p>\n<p>Si le staff grenoblois a d\u00e9cid\u00e9 de prendre part \u00e0 un seul match de pr\u00e9paration, le Stade Aurillacois en disputera trois durant le mois d\u2019ao\u00fbt. Apr\u00e8s une victoire contre le RC Narbonne (52-18) et une d\u00e9faite contre Nevers (26-28), les hommes de Rom\u00e9o Gontineac feront face \u00e0 un adversaire qui s\u2019est impos\u00e9 comme un gros calibre de Pro D2 au fil des ann\u00e9es. Une belle affiche pour les Cantaliens qui ont \u00e9vit\u00e9 de justesse la rel\u00e9gation en Nationale 1 la saison derni\u00e8re. En effet, ils ont d\u00fb passer par le barrage contre Chamb\u00e9ry (victoire 45-15) pour s\u2018offrir le droit d\u2019\u00e9voluer de nouveau dans l\u2019antichambre du Top 14.<\/p>\n<p>Pour d\u00e9fier le FCG, Aurillac pourra compter sur ses quatre nouvelles recrues venues apporter leurs exp\u00e9riences et leurs comp\u00e9tences dans le Cantal\u00a0:<\/p>\n<ul>\n<li>Mirian Burduli (34 ans, pilier, arriv\u00e9 en provenance de Montauban)<\/li>\n<li>Viliami Taulani (28 ans, troisi\u00e8me ligne, sans club)<\/li>\n<li>Fran\u00e7ois Vergnaud (27 ans, centre, arriv\u00e9 en provenance de Biarritz)<\/li>\n<li>Ben O\u2019Donnell (29 ans, ailier, arriv\u00e9 en provenance de Brumbies)<\/li>\n<\/ul>\n<p>Des renfort sur lesquels Aurillac devra s\u2019appuyer pour \u00e9viter de prendre l\u2019eau comme lors de la derni\u00e8re confrontation directe entre les deux \u00e9curies et une victoire 75-14 des Is\u00e9rois\u00a0!<\/p>\n<p>\n\tArticles similaires<\/p>\n","protected":false},"excerpt":{"rendered":"Apr\u00e8s une fin de saison tardive, Patrick P\u00e9zery et Nicolas Nadau ont fait le choix de programmer un&hellip;\n","protected":false},"author":2,"featured_media":317079,"comment_status":"","ping_status":"","sticky":false,"template":"","format":"standard","meta":{"footnotes":""},"categories":[9566],"tags":[1111,11,2430,1777,674,1011,27,2731,12,25],"class_list":{"0":"post-317078","1":"post","2":"type-post","3":"status-publish","4":"format-standard","5":"has-post-thumbnail","7":"category-grenoble","8":"tag-actu","9":"tag-actualites","10":"tag-auvergne-rhone-alpes","11":"tag-eu","12":"tag-europe","13":"tag-fr","14":"tag-france","15":"tag-grenoble","16":"tag-news","17":"tag-republique-francaise"},"share_on_mastodon":{"url":"https:\/\/pubeurope.com\/@fr\/115023391155064974","error":""},"_links":{"self":[{"href":"https:\/\/www.europesays.com\/fr\/wp-json\/wp\/v2\/posts\/317078","targetHints":{"allow":["GET"]}}],"collection":[{"href":"https:\/\/www.europesays.com\/fr\/wp-json\/wp\/v2\/posts"}],"about":[{"href":"https:\/\/www.europesays.com\/fr\/wp-json\/wp\/v2\/types\/post"}],"author":[{"embeddable":true,"href":"https:\/\/www.europesays.com\/fr\/wp-json\/wp\/v2\/users\/2"}],"replies":[{"embeddable":true,"href":"https:\/\/www.europesays.com\/fr\/wp-json\/wp\/v2\/comments?post=317078"}],"version-history":[{"count":0,"href":"https:\/\/www.europesays.com\/fr\/wp-json\/wp\/v2\/posts\/317078\/revisions"}],"wp:featuredmedia":[{"embeddable":true,"href":"https:\/\/www.europesays.com\/fr\/wp-json\/wp\/v2\/media\/317079"}],"wp:attachment":[{"href":"https:\/\/www.europesays.com\/fr\/wp-json\/wp\/v2\/media?parent=317078"}],"wp:term":[{"taxonomy":"category","embeddable":true,"href":"https:\/\/www.europesays.com\/fr\/wp-json\/wp\/v2\/categories?post=317078"},{"taxonomy":"post_tag","embeddable":true,"href":"https:\/\/www.europesays.com\/fr\/wp-json\/wp\/v2\/tags?post=317078"}],"curies":[{"name":"wp","href":"https:\/\/api.w.org\/{rel}","templated":true}]}}