{"id":317089,"date":"2025-08-13T20:47:27","date_gmt":"2025-08-13T20:47:27","guid":{"rendered":"https:\/\/www.europesays.com\/fr\/317089\/"},"modified":"2025-08-13T20:47:27","modified_gmt":"2025-08-13T20:47:27","slug":"deux-freres-soupconnes-de-vol-interpelles-a-nantes","status":"publish","type":"post","link":"https:\/\/www.europesays.com\/fr\/317089\/","title":{"rendered":"deux fr\u00e8res soup\u00e7onn\u00e9s de vol interpell\u00e9s \u00e0 Nantes"},"content":{"rendered":"<p>Deux fr\u00e8res \u00e2g\u00e9s de 23 et 24\u00a0ans ont \u00e9t\u00e9 interpell\u00e9s dans la nuit du mercredi\u00a06 au jeudi 7\u00a0ao\u00fbt 2025 \u00e0 Nantes (<a target=\"_self\" href=\"https:\/\/www.lanouvellerepublique.fr\/loire-atlantique\" rel=\"nofollow noopener\">Loire-Atlantique<\/a>), pour une suspicion de vol dans une maison. Le parquet a requis le placement en d\u00e9tention provisoire des suspects, rapporte <a target=\"_blank\" href=\"https:\/\/www.ouest-france.fr\/societe\/faits-divers\/on-la-retenu-par-les-jambes-en-pleine-nuit-a-nantes-une-famille-fait-bloc-face-aux-voleurs-55bf4c8c-7460-11f0-9d15-80a5c5d7922a\" rel=\"nofollow noopener\">Presse Oc\u00e9an<\/a>.<\/p>\n<p>\u00ab\u00a0On l\u2019a retenu par les pieds, on ne l\u2019a pas l\u00e2ch\u00e9\u00a0\u00bb<\/p>\n<p>\u00ab\u00a0Je me suis lev\u00e9e et j\u2019ai vu que quelqu\u2019un \u00e9tait dans la cuisine avec ma m\u00e8re de 72\u00a0ans, a expliqu\u00e9 l\u2019une des victimes. Il avait mis un couteau sous sa gorge.\u00a0\u00bb Elle a ensuite tent\u00e9 de d\u00e9sarmer l\u2019un des intrus, dont le visage \u00e9tait partiellement cach\u00e9 par une capuche. \u00ab\u00a0On l\u2019a retenu par les pieds, on ne l\u2019a pas l\u00e2ch\u00e9\u00a0\u00bb, a d\u00e9clar\u00e9 son mari. Les deux suspects ont tout de m\u00eame r\u00e9ussi \u00e0 s\u2019enfuir avec le sac \u00e0 main de la septuag\u00e9naire. Ils ont finalement \u00e9t\u00e9 interpell\u00e9s peu de temps apr\u00e8s par la police.<\/p>\n<p>Les agents ont d\u00e9couvert sur l\u2019un d\u2019entre eux les cartes bancaires de l\u2019une des victimes. Les deux hommes ont \u00e9t\u00e9 plac\u00e9s en garde \u00e0 vue. L\u2019un d\u2019eux a d\u00e9j\u00e0 \u00e9t\u00e9 condamn\u00e9 pour un vol avec violences mais a fait appel. Son fr\u00e8re et lui seront jug\u00e9s le 7\u00a0octobre prochain devant le tribunal correctionnel de Nantes pour les faits survenus dans la nuit du mercredi\u00a06 au jeudi 7\u00a0ao\u00fbt.<\/p>\n","protected":false},"excerpt":{"rendered":"Deux fr\u00e8res \u00e2g\u00e9s de 23 et 24\u00a0ans ont \u00e9t\u00e9 interpell\u00e9s dans la nuit du mercredi\u00a06 au jeudi 7\u00a0ao\u00fbt&hellip;\n","protected":false},"author":2,"featured_media":317090,"comment_status":"","ping_status":"","sticky":false,"template":"","format":"standard","meta":{"footnotes":""},"categories":[2818],"tags":[1111,11,1674,1777,674,274,1011,27,3047,766,12,2636,25],"class_list":{"0":"post-317089","1":"post","2":"type-post","3":"status-publish","4":"format-standard","5":"has-post-thumbnail","7":"category-nantes","8":"tag-actu","9":"tag-actualites","10":"tag-communes","11":"tag-eu","12":"tag-europe","13":"tag-faits-divers-justice","14":"tag-fr","15":"tag-france","16":"tag-loire-atlantique","17":"tag-nantes","18":"tag-news","19":"tag-pays-de-la-loire","20":"tag-republique-francaise"},"share_on_mastodon":{"url":"https:\/\/pubeurope.com\/@fr\/115023422605768225","error":""},"_links":{"self":[{"href":"https:\/\/www.europesays.com\/fr\/wp-json\/wp\/v2\/posts\/317089","targetHints":{"allow":["GET"]}}],"collection":[{"href":"https:\/\/www.europesays.com\/fr\/wp-json\/wp\/v2\/posts"}],"about":[{"href":"https:\/\/www.europesays.com\/fr\/wp-json\/wp\/v2\/types\/post"}],"author":[{"embeddable":true,"href":"https:\/\/www.europesays.com\/fr\/wp-json\/wp\/v2\/users\/2"}],"replies":[{"embeddable":true,"href":"https:\/\/www.europesays.com\/fr\/wp-json\/wp\/v2\/comments?post=317089"}],"version-history":[{"count":0,"href":"https:\/\/www.europesays.com\/fr\/wp-json\/wp\/v2\/posts\/317089\/revisions"}],"wp:featuredmedia":[{"embeddable":true,"href":"https:\/\/www.europesays.com\/fr\/wp-json\/wp\/v2\/media\/317090"}],"wp:attachment":[{"href":"https:\/\/www.europesays.com\/fr\/wp-json\/wp\/v2\/media?parent=317089"}],"wp:term":[{"taxonomy":"category","embeddable":true,"href":"https:\/\/www.europesays.com\/fr\/wp-json\/wp\/v2\/categories?post=317089"},{"taxonomy":"post_tag","embeddable":true,"href":"https:\/\/www.europesays.com\/fr\/wp-json\/wp\/v2\/tags?post=317089"}],"curies":[{"name":"wp","href":"https:\/\/api.w.org\/{rel}","templated":true}]}}