{"id":317095,"date":"2025-08-13T20:50:23","date_gmt":"2025-08-13T20:50:23","guid":{"rendered":"https:\/\/www.europesays.com\/fr\/317095\/"},"modified":"2025-08-13T20:50:23","modified_gmt":"2025-08-13T20:50:23","slug":"pres-de-deux-tonnes-de-protoxyde-dazote-saisis-quatre-suspects-en-garde-a-vue","status":"publish","type":"post","link":"https:\/\/www.europesays.com\/fr\/317095\/","title":{"rendered":"Pr\u00e8s de deux tonnes de protoxyde d\u2019azote saisis, quatre suspects en garde \u00e0 vue"},"content":{"rendered":"<p>Une livraison de 1,7 tonne de protoxyde d\u2019azote, <a href=\"https:\/\/www.20minutes.fr\/societe\/gaz-hilarant\/\" class=\"c-link c-link--is-underlined\" target=\"_blank\" rel=\"noopener\">gaz <\/a>pris\u00e9 pour ses effets psychoactifs, a \u00e9t\u00e9 intercept\u00e9e mardi \u00e0 Cenon dans l\u2019agglom\u00e9ration <a href=\"https:\/\/www.20minutes.fr\/bordeaux\/\" class=\"c-link c-link--is-underlined\" target=\"_blank\" rel=\"noopener\">bordelaise<\/a>. Quatre personnes ont \u00e9t\u00e9 interpell\u00e9es et plac\u00e9es en garde \u00e0 vue. Utilis\u00e9 en m\u00e9decine ou en cuisine, le protoxyde d\u2019azote est pris\u00e9 pour ses effets psychoactifs courts une fois inhal\u00e9, le plus souvent via des ballons de baudruche gonfl\u00e9s par des capsules ou des bonbonnes.<\/p>\n<p>Sa consommation concerne, chez les adultes, essentiellement les jeunes majeurs\u00a0: 13,7\u00a0% des 18-24 ans en ont consomm\u00e9 au moins une fois dans leur vie, selon des donn\u00e9es transmises en octobre. <a href=\"https:\/\/www.santepubliquefrance.fr\/les-actualites\/2025\/le-proto-des-cas-d-intoxication-toujours-en-augmentation\" target=\"_blank\" class=\"c-link c-link--is-underlined\" rel=\"noopener\">Sant\u00e9 publique France<\/a> \u00e9voque des cas d\u2019intoxication en augmentation constante.<\/p>\n<p>Un march\u00e9 tr\u00e8s lucratif<\/p>\n<p>Elle pr\u00e9sente divers risques\u00a0: asphyxie, perte de connaissance, br\u00fblures, voire complications neurologiques, cardiovasculaires ou encore sympt\u00f4mes psychiatriques. \u00ab\u00a0Ce gaz dit \u00ab\u00a0hilarant\u00a0\u00bb peut entra\u00eener une d\u00e9pendance ainsi que des complications s\u00e9v\u00e8res, parfois irr\u00e9versibles, sur le syst\u00e8me nerveux et le syst\u00e8me cardiovasculaire (c\u0153ur et vaisseaux) en cas de prises r\u00e9p\u00e9t\u00e9es et\/ou en grande quantit\u00e9\u00a0\u00bb, pr\u00e9cise Sant\u00e9 publique.<\/p>\n<\/p>\n<p>Une loi adopt\u00e9e en mai\u00a02021 a interdit la vente de ce psychotrope aux mineurs ainsi que dans les d\u00e9bits de boissons et tabac. Mais le proto (surnom du protoxyde d\u2019azote) s\u2019ach\u00e8te en grande quantit\u00e9 et \u00e0 bas co\u00fbt via des sites de revente et des comptes Snapchat proposant des livraisons \u00e0 domicile. En\u00a02024, 31 tonnes avaient notamment \u00e9t\u00e9 saisies en Seine-Saint-Denis en avril et 21 tonnes en juillet dans la banlieue Est de Lyon.<\/p>\n","protected":false},"excerpt":{"rendered":"Une livraison de 1,7 tonne de protoxyde d\u2019azote, gaz pris\u00e9 pour ses effets psychoactifs, a \u00e9t\u00e9 intercept\u00e9e mardi&hellip;\n","protected":false},"author":2,"featured_media":317096,"comment_status":"","ping_status":"","sticky":false,"template":"","format":"standard","meta":{"footnotes":""},"categories":[2817],"tags":[1111,47,11,3177,1997,1052,1777,674,118,7477,1011,27,45547,2905,12,2219,25],"class_list":{"0":"post-317095","1":"post","2":"type-post","3":"status-publish","4":"format-standard","5":"has-post-thumbnail","7":"category-bordeaux","8":"tag-actu","9":"tag-actualite","10":"tag-actualites","11":"tag-aquitaine","12":"tag-bordeaux","13":"tag-drogue","14":"tag-eu","15":"tag-europe","16":"tag-faits-divers","17":"tag-faits-divers-bordeaux","18":"tag-fr","19":"tag-france","20":"tag-gaz-hilarant","21":"tag-gironde","22":"tag-news","23":"tag-nouvelle-aquitaine","24":"tag-republique-francaise"},"share_on_mastodon":{"url":"https:\/\/pubeurope.com\/@fr\/115023434662472810","error":""},"_links":{"self":[{"href":"https:\/\/www.europesays.com\/fr\/wp-json\/wp\/v2\/posts\/317095","targetHints":{"allow":["GET"]}}],"collection":[{"href":"https:\/\/www.europesays.com\/fr\/wp-json\/wp\/v2\/posts"}],"about":[{"href":"https:\/\/www.europesays.com\/fr\/wp-json\/wp\/v2\/types\/post"}],"author":[{"embeddable":true,"href":"https:\/\/www.europesays.com\/fr\/wp-json\/wp\/v2\/users\/2"}],"replies":[{"embeddable":true,"href":"https:\/\/www.europesays.com\/fr\/wp-json\/wp\/v2\/comments?post=317095"}],"version-history":[{"count":0,"href":"https:\/\/www.europesays.com\/fr\/wp-json\/wp\/v2\/posts\/317095\/revisions"}],"wp:featuredmedia":[{"embeddable":true,"href":"https:\/\/www.europesays.com\/fr\/wp-json\/wp\/v2\/media\/317096"}],"wp:attachment":[{"href":"https:\/\/www.europesays.com\/fr\/wp-json\/wp\/v2\/media?parent=317095"}],"wp:term":[{"taxonomy":"category","embeddable":true,"href":"https:\/\/www.europesays.com\/fr\/wp-json\/wp\/v2\/categories?post=317095"},{"taxonomy":"post_tag","embeddable":true,"href":"https:\/\/www.europesays.com\/fr\/wp-json\/wp\/v2\/tags?post=317095"}],"curies":[{"name":"wp","href":"https:\/\/api.w.org\/{rel}","templated":true}]}}