{"id":317106,"date":"2025-08-13T20:56:11","date_gmt":"2025-08-13T20:56:11","guid":{"rendered":"https:\/\/www.europesays.com\/fr\/317106\/"},"modified":"2025-08-13T20:56:11","modified_gmt":"2025-08-13T20:56:11","slug":"lom-veut-rester-au-sommet","status":"publish","type":"post","link":"https:\/\/www.europesays.com\/fr\/317106\/","title":{"rendered":"L&rsquo;OM veut rester au sommet"},"content":{"rendered":"<p>L\u2019OM fera-t-il aussi bien que la saison derni\u00e8re\u00a0? Dauphins du PSG et qualifi\u00e9s en Ligue des Champions \u00e0 l\u2019issue de l\u2019exercice 2024\/2025, les Marseillais retrouvent en tout cas la Ligue 1 avec la ferme intention de rester aux avant-postes du championnat fran\u00e7ais.<\/p>\n<p>Cet \u00e9t\u00e9, le club a su conserver ses forces vives (Adrien Rabiot, Mason Greenwood\u2026) tout en enrichissant son effectif gr\u00e2ce, notamment, aux arriv\u00e9es de Facundo Medina et Angel Gomes, et du retour de Pierre-Emerick Aubameyang. Ce dernier n\u2019a d\u2019ailleurs pas tard\u00e9 \u00e0 s\u2019illustrer sous les couleurs olympiennes, auteur d\u2019un doubl\u00e9 lors du dernier match de pr\u00e9paration face \u00e0 Aston Villa.<\/p>\n<p>Solide et exp\u00e9riment\u00e9, c\u2019est donc un effectif b\u00e2ti pour le haut du tableau qui se pr\u00e9sentera au Roazhon Park ce vendredi.<\/p>\n","protected":false},"excerpt":{"rendered":"L\u2019OM fera-t-il aussi bien que la saison derni\u00e8re\u00a0? Dauphins du PSG et qualifi\u00e9s en Ligue des Champions \u00e0&hellip;\n","protected":false},"author":2,"featured_media":317107,"comment_status":"","ping_status":"","sticky":false,"template":"","format":"standard","meta":{"footnotes":""},"categories":[2814],"tags":[1111,11,1777,674,1011,27,884,12,882,25],"class_list":{"0":"post-317106","1":"post","2":"type-post","3":"status-publish","4":"format-standard","5":"has-post-thumbnail","7":"category-marseille","8":"tag-actu","9":"tag-actualites","10":"tag-eu","11":"tag-europe","12":"tag-fr","13":"tag-france","14":"tag-marseille","15":"tag-news","16":"tag-provence-alpes-cote-dazur","17":"tag-republique-francaise"},"share_on_mastodon":{"url":"https:\/\/pubeurope.com\/@fr\/115023458157045862","error":""},"_links":{"self":[{"href":"https:\/\/www.europesays.com\/fr\/wp-json\/wp\/v2\/posts\/317106","targetHints":{"allow":["GET"]}}],"collection":[{"href":"https:\/\/www.europesays.com\/fr\/wp-json\/wp\/v2\/posts"}],"about":[{"href":"https:\/\/www.europesays.com\/fr\/wp-json\/wp\/v2\/types\/post"}],"author":[{"embeddable":true,"href":"https:\/\/www.europesays.com\/fr\/wp-json\/wp\/v2\/users\/2"}],"replies":[{"embeddable":true,"href":"https:\/\/www.europesays.com\/fr\/wp-json\/wp\/v2\/comments?post=317106"}],"version-history":[{"count":0,"href":"https:\/\/www.europesays.com\/fr\/wp-json\/wp\/v2\/posts\/317106\/revisions"}],"wp:featuredmedia":[{"embeddable":true,"href":"https:\/\/www.europesays.com\/fr\/wp-json\/wp\/v2\/media\/317107"}],"wp:attachment":[{"href":"https:\/\/www.europesays.com\/fr\/wp-json\/wp\/v2\/media?parent=317106"}],"wp:term":[{"taxonomy":"category","embeddable":true,"href":"https:\/\/www.europesays.com\/fr\/wp-json\/wp\/v2\/categories?post=317106"},{"taxonomy":"post_tag","embeddable":true,"href":"https:\/\/www.europesays.com\/fr\/wp-json\/wp\/v2\/tags?post=317106"}],"curies":[{"name":"wp","href":"https:\/\/api.w.org\/{rel}","templated":true}]}}