{"id":317108,"date":"2025-08-13T20:57:10","date_gmt":"2025-08-13T20:57:10","guid":{"rendered":"https:\/\/www.europesays.com\/fr\/317108\/"},"modified":"2025-08-13T20:57:10","modified_gmt":"2025-08-13T20:57:10","slug":"gare-sncf-lyon-part-dieu-pagaille-monstre-en-cours-des-retards-ce-quil-se-passe","status":"publish","type":"post","link":"https:\/\/www.europesays.com\/fr\/317108\/","title":{"rendered":"Gare SNCF Lyon Part-Dieu. Pagaille monstre en cours, des retards : ce qu&rsquo;il se passe"},"content":{"rendered":"<p>            Par<br \/>\n        <strong><br \/>\n            <a href=\"https:\/\/actu.fr\/auteur\/redaction-lyon\" title=\"Consulter tous les articles de R\u00e9daction Lyon\" target=\"_blank\" rel=\"noopener\">R\u00e9daction Lyon<\/a><br \/>\n        <\/strong><\/p>\n<p>        Publi\u00e9 le<\/p>\n<p>            13 ao\u00fbt 2025 \u00e0 18h05<br \/>\n        ; mis \u00e0 jour le 13 ao\u00fbt 2025 \u00e0 21h32    <\/p>\n<p>(<strong>MISE A JOUR mercredi 13 ao\u00fbt 2025 \u00e0 21h30<\/strong> : Le trafic a pu reprendre mais des perturbations persistent dans la gare Part-Dieu. Plusieurs trains sont annonc\u00e9s en retard ou supprim\u00e9s comme un TGV vers Marseille qui n\u2019a pas pu partir. Pour les arriv\u00e9es, un TGV qui aurait d\u00fb arriver \u00e0 Lyon \u00e0 19h56 de Francfort et Strasbourg affiche un gros retard de 2h40. Plusieurs arriv\u00e9es affichent encore plus d\u2019une heure de retard : un TER venant d\u2019Aix-les-Bains, un TGV de Toulouse, un TER de Bourg-en-Bresse. Le TER venant d\u2019Avignon \u00e0 22h a \u00e9t\u00e9 annul\u00e9).<\/p>\n<p class=\" wall-content\">Pagaille monstre sur le r\u00e9seau ferroviaire \u00e0 la gare SNCF de Lyon Part-Dieu ce mercredi 13 ao\u00fbt en pleine journ\u00e9e de <a href=\"https:\/\/actu.fr\/meteo\/alerte-rouge-canicule-des-orages-forts-arrivent-dans-le-rhone-voici-ou-et-quand_63030289.html\" target=\"_blank\" rel=\"noopener\">vigilance rouge canicule<\/a>. Des milliers de voyageurs sont bloqu\u00e9s dans les halls de la gare dans l\u2019attente de leur train, sous une chaleur \u00e9crasante. Certains patientent assis, bouteilles d\u2019eau et \u00e9ventail \u00e0 la main.<\/p>\n<p class=\" wall-content\">\u00ab\u00a0Le trafic est totalement interrompu en gare de Lyon Part-Dieu. La <strong>panne d\u2019un train a entra\u00een\u00e9 une coupure de l\u2019alimentation \u00e9lectrique<\/strong>. Les \u00e9quipes d\u00e9di\u00e9es se rendent sur place pour permettre la reprise du trafic d\u00e8s que possible\u00a0\u00bb, annonce la SNCF, sans pr\u00e9ciser si cette panne est li\u00e9e aux fortes chaleurs. Un train de la compagnie Trenitalia a rencontr\u00e9 une panne qui a caus\u00e9 une coupure de l\u2019alimentation \u00e9lectrique, a ajout\u00e9 l\u2019entreprise.<\/p>\n<p class=\" wall-content\">\u00ab\u00a0Aucun train ne peut partir ou arriver de Part-Dieu\u00a0\u00bb, pr\u00e9cise la SNCF vers 18h.<\/p>\n<p class=\" wall-content\">\n<p class=\" wall-content\">\n<p class=\" wall-content\">\n<p>D\u2019importants retards en cours<\/p>\n<p class=\" wall-content\">D\u2019importants retards sont en cours sur les trains \u00e0 l\u2019arriv\u00e9e et au d\u00e9part. Un TGV vers Paris Gare de Lyon affiche <strong>1h10 de retard<\/strong>, un autre avec 50 minutes, un TER vers Clermont-Ferrand une heure. Un TGV vers Lyon-Perrache cumule \u00e9galement 50 minutes tout comme un TER vers Gen\u00e8ve, un pour Aix-Les-Bains et un pour Chamb\u00e9ry. D\u2019autres trains cumulent entre 5 et 30 minutes.\u00a0<\/p>\n<p class=\" wall-content\">Deux TGV \u00e0 destination de Metz et Strasbourg affichent 1h20, deux TGV vers Nice 1h10, un. vers Nantes 1h.<\/p>\n<p class=\" wall-content\">De m\u00eame pour les arriv\u00e9es, un TGV de Nantes affiche 1h30 minutes, un TGV de Perrache 1h10, un TER de <a href=\"https:\/\/actu.fr\/saint-etienne\/\" target=\"_blank\" rel=\"noopener\">Saint-Etienne<\/a> 30 minutes, un TGV depuis Marseille 30 minutes. Un TER qui arrive de Dijon cumule une heure de retard comme un TGV qui vient de Montpellier Sud de France.<\/p>\n<p class=\" wall-content\">Suivez toute l\u2019actualit\u00e9 de vos villes et m\u00e9dias favoris en vous inscrivant \u00e0 <a href=\"https:\/\/moncompte.actu.fr\" title=\"D\u00e9couvez Mon Actu\" rel=\"nofollow noopener\" data-trk=\"{&quot;cta&quot;:{&quot;action&quot;:&quot;https:\\\/\\\/moncompte.actu.fr&quot;,&quot;category&quot;:&quot;mon compte&quot;,&quot;from&quot;:&quot;article footer&quot;,&quot;name&quot;:&quot;Mon actu&quot;,&quot;type&quot;:&quot;cta&quot;}}\" target=\"_blank\">Mon Actu<\/a>.<\/p>\n","protected":false},"excerpt":{"rendered":"Par R\u00e9daction Lyon Publi\u00e9 le 13 ao\u00fbt 2025 \u00e0 18h05 ; mis \u00e0 jour le 13 ao\u00fbt 2025&hellip;\n","protected":false},"author":2,"featured_media":317109,"comment_status":"","ping_status":"","sticky":false,"template":"","format":"standard","meta":{"footnotes":""},"categories":[1889],"tags":[1111,11,2430,1777,674,1011,27,2428,6178,12,25,2215,104,2214],"class_list":{"0":"post-317108","1":"post","2":"type-post","3":"status-publish","4":"format-standard","5":"has-post-thumbnail","7":"category-lyon","8":"tag-actu","9":"tag-actualites","10":"tag-auvergne-rhone-alpes","11":"tag-eu","12":"tag-europe","13":"tag-fr","14":"tag-france","15":"tag-lyon","16":"tag-lyon-part-dieu","17":"tag-news","18":"tag-republique-francaise","19":"tag-sncf","20":"tag-societe","21":"tag-tgv"},"share_on_mastodon":{"url":"https:\/\/pubeurope.com\/@fr\/115023462042079595","error":""},"_links":{"self":[{"href":"https:\/\/www.europesays.com\/fr\/wp-json\/wp\/v2\/posts\/317108","targetHints":{"allow":["GET"]}}],"collection":[{"href":"https:\/\/www.europesays.com\/fr\/wp-json\/wp\/v2\/posts"}],"about":[{"href":"https:\/\/www.europesays.com\/fr\/wp-json\/wp\/v2\/types\/post"}],"author":[{"embeddable":true,"href":"https:\/\/www.europesays.com\/fr\/wp-json\/wp\/v2\/users\/2"}],"replies":[{"embeddable":true,"href":"https:\/\/www.europesays.com\/fr\/wp-json\/wp\/v2\/comments?post=317108"}],"version-history":[{"count":0,"href":"https:\/\/www.europesays.com\/fr\/wp-json\/wp\/v2\/posts\/317108\/revisions"}],"wp:featuredmedia":[{"embeddable":true,"href":"https:\/\/www.europesays.com\/fr\/wp-json\/wp\/v2\/media\/317109"}],"wp:attachment":[{"href":"https:\/\/www.europesays.com\/fr\/wp-json\/wp\/v2\/media?parent=317108"}],"wp:term":[{"taxonomy":"category","embeddable":true,"href":"https:\/\/www.europesays.com\/fr\/wp-json\/wp\/v2\/categories?post=317108"},{"taxonomy":"post_tag","embeddable":true,"href":"https:\/\/www.europesays.com\/fr\/wp-json\/wp\/v2\/tags?post=317108"}],"curies":[{"name":"wp","href":"https:\/\/api.w.org\/{rel}","templated":true}]}}