{"id":31711,"date":"2025-04-17T13:00:24","date_gmt":"2025-04-17T13:00:24","guid":{"rendered":"https:\/\/www.europesays.com\/fr\/31711\/"},"modified":"2025-04-17T13:00:24","modified_gmt":"2025-04-17T13:00:24","slug":"transferts-non-conserve-a-perpignan-apisai-naqalevu-pourrait-rebondir-en-pro-d2","status":"publish","type":"post","link":"https:\/\/www.europesays.com\/fr\/31711\/","title":{"rendered":"Transferts. Non conserv\u00e9 \u00e0 Perpignan, Apisai Naqalevu pourrait rebondir en Pro D2"},"content":{"rendered":"<p>            Par<br \/>\n        <strong><br \/>\n            <a href=\"https:\/\/actu.fr\/auteur\/redaction-rugby\" title=\"Consulter tous les articles de R\u00e9daction Rugby\" target=\"_blank\" rel=\"noopener\">R\u00e9daction Rugby<\/a><br \/>\n        <\/strong><\/p>\n<p>        Publi\u00e9 le<\/p>\n<p>            16 avr. 2025 \u00e0 10h16        <\/p>\n<p>Arriv\u00e9 de Clermont \u00e0 Perpignan lors de l\u2019intersaison 2023, <strong>Apisai Naqalevu<\/strong> devrait conna\u00eetre un nouveau <a href=\"https:\/\/actu.fr\/tag\/transferts-rugby\" target=\"_blank\" rel=\"noopener\">transfert<\/a> l\u2019\u00e9t\u00e9 prochain. Non conserv\u00e9 par <a href=\"https:\/\/actu.fr\/rugby\/equipe\/perpignan_64dd31527b8c09c4fec880fe\/\" target=\"_blank\" rel=\"noopener\">Perpignan<\/a>, le trois-quarts centre fidjien a d\u00e9j\u00e0 plusieurs pistes de rebonds. Il suscite notamment <strong>l\u2019int\u00e9r\u00eat de plusieurs \u00e9curies de Pro D2<\/strong>.<\/p>\n<p>Transferts : Apisai Naqalevu de Perpignan \u00e0 la Pro D2 ?<\/p>\n<p class=\" wall-content\">Apr\u00e8s deux saisons \u00e0 l\u2019Usap, o\u00f9 il aura cumul\u00e9 29 feuilles de match pour 15 titularisations, <a href=\"https:\/\/actu.fr\/rugby\/joueur\/naqalevu_64e0d0bc7b8c09c4fed0f3a0\/\" target=\"_blank\" rel=\"noopener\">Apisai Naqalevu<\/a> vit probablement ses derni\u00e8res semaines sous les couleurs sang et or. Capable d\u2019\u00e9voluer aussi bien en premier qu\u2019en second centre, son profil reste tr\u00e8s appr\u00e9ci\u00e9. Malgr\u00e9 son \u00e2ge, il conserve une belle explosivit\u00e9 et une vraie capacit\u00e9 \u00e0 casser les lignes.<\/p>\n<p class=\" wall-content\">Selon les informations d\u2019Actu Rugby, plusieurs formations de Pro D2 se sont d\u00e9j\u00e0 positionn\u00e9es sur le joueur. Son exp\u00e9rience du haut niveau, son impact physique et sa polyvalence sont autant d\u2019atouts qui s\u00e9duisent en deuxi\u00e8me division, o\u00f9 son arriv\u00e9e constituerait un renfort de poids. Pass\u00e9 par Clermont, l\u2019Union Bordeaux-B\u00e8gles mais aussi Dax, Naqalevu garde une belle cote dans le paysage fran\u00e7ais.<\/p>\n<p>Naqalevu suivi de pr\u00e8s par Dax<\/p>\n<p class=\" wall-content\">D\u00e9barqu\u00e9 en France en 2015 \u00e0 l\u2019US Dax, son ancien club garde un \u0153il attentif sur le Fidjien, qui avait disput\u00e9 46 matches pour 42 titularisations sous le maillot landais. V\u00e9ritable facteur X entre 2015 et 2017, il y avait laiss\u00e9 un excellent souvenir. Aujourd\u2019hui \u00e2g\u00e9 de 35 ans, Naqalevu pourrait bien envisager un dernier d\u00e9fi l\u00e0 o\u00f9 tout a commenc\u00e9 pour lui en France.<\/p>\n<p class=\" wall-content\">Toujours selon nos informations, d\u2019autres clubs ont pris des renseignements ces derni\u00e8res semaines. Rien n\u2019est encore sign\u00e9, mais une chose semble acquise : Naqalevu ne poursuivra pas l\u2019aventure \u00e0 l\u2019Usap. La Pro D2, elle, lui tend les bras.<\/p>\n<p class=\" wall-content\"><strong>Tanguy Scigala<\/strong><\/p>\n<p class=\" wall-content\">Suivez toute l\u2019actualit\u00e9 de vos villes et m\u00e9dias favoris en vous inscrivant \u00e0 <a href=\"https:\/\/moncompte.actu.fr\" title=\"D\u00e9couvez Mon Actu\" rel=\"nofollow noopener\" data-trk=\"{&quot;cta&quot;:{&quot;action&quot;:&quot;https:\\\/\\\/moncompte.actu.fr&quot;,&quot;category&quot;:&quot;mon compte&quot;,&quot;from&quot;:&quot;article footer&quot;,&quot;name&quot;:&quot;Mon actu&quot;,&quot;type&quot;:&quot;cta&quot;}}\" target=\"_blank\">Mon Actu<\/a>.<\/p>\n<ul class=\"ac-article-tag wall-content\">\n<li><a href=\"https:\/\/actu.fr\/tag\/transferts-rugby\" data-trk=\"{&quot;cta&quot;:{&quot;action&quot;:&quot;Transferts rugby&quot;,&quot;category&quot;:&quot;tag&quot;,&quot;from&quot;:&quot;article footer&quot;,&quot;name&quot;:&quot;Transferts rugby&quot;,&quot;type&quot;:&quot;cta&quot;}}\" target=\"_blank\" rel=\"noopener\">#Transferts rugby<\/a><\/li>\n<li><a href=\"https:\/\/actu.fr\/tag\/usap-perpignan\" data-trk=\"{&quot;cta&quot;:{&quot;action&quot;:&quot;Usap Perpignan&quot;,&quot;category&quot;:&quot;tag&quot;,&quot;from&quot;:&quot;article footer&quot;,&quot;name&quot;:&quot;Usap Perpignan&quot;,&quot;type&quot;:&quot;cta&quot;}}\" target=\"_blank\" rel=\"noopener\">#Usap Perpignan<\/a><\/li>\n<\/ul>\n","protected":false},"excerpt":{"rendered":"Par R\u00e9daction Rugby Publi\u00e9 le 16 avr. 2025 \u00e0 10h16 Arriv\u00e9 de Clermont \u00e0 Perpignan lors de l\u2019intersaison&hellip;\n","protected":false},"author":2,"featured_media":31712,"comment_status":"","ping_status":"","sticky":false,"template":"","format":"standard","meta":{"footnotes":""},"categories":[1416],"tags":[1011,27,479,1468,60,478,477,10744],"class_list":{"0":"post-31711","1":"post","2":"type-post","3":"status-publish","4":"format-standard","5":"has-post-thumbnail","7":"category-rugby","8":"tag-fr","9":"tag-france","10":"tag-rugby","11":"tag-rugby-football","12":"tag-sports","13":"tag-top-14","14":"tag-transferts-rugby","15":"tag-usap-perpignan"},"share_on_mastodon":{"url":"https:\/\/pubeurope.com\/@fr\/114353433835433119","error":""},"_links":{"self":[{"href":"https:\/\/www.europesays.com\/fr\/wp-json\/wp\/v2\/posts\/31711","targetHints":{"allow":["GET"]}}],"collection":[{"href":"https:\/\/www.europesays.com\/fr\/wp-json\/wp\/v2\/posts"}],"about":[{"href":"https:\/\/www.europesays.com\/fr\/wp-json\/wp\/v2\/types\/post"}],"author":[{"embeddable":true,"href":"https:\/\/www.europesays.com\/fr\/wp-json\/wp\/v2\/users\/2"}],"replies":[{"embeddable":true,"href":"https:\/\/www.europesays.com\/fr\/wp-json\/wp\/v2\/comments?post=31711"}],"version-history":[{"count":0,"href":"https:\/\/www.europesays.com\/fr\/wp-json\/wp\/v2\/posts\/31711\/revisions"}],"wp:featuredmedia":[{"embeddable":true,"href":"https:\/\/www.europesays.com\/fr\/wp-json\/wp\/v2\/media\/31712"}],"wp:attachment":[{"href":"https:\/\/www.europesays.com\/fr\/wp-json\/wp\/v2\/media?parent=31711"}],"wp:term":[{"taxonomy":"category","embeddable":true,"href":"https:\/\/www.europesays.com\/fr\/wp-json\/wp\/v2\/categories?post=31711"},{"taxonomy":"post_tag","embeddable":true,"href":"https:\/\/www.europesays.com\/fr\/wp-json\/wp\/v2\/tags?post=31711"}],"curies":[{"name":"wp","href":"https:\/\/api.w.org\/{rel}","templated":true}]}}