{"id":317112,"date":"2025-08-13T20:59:11","date_gmt":"2025-08-13T20:59:11","guid":{"rendered":"https:\/\/www.europesays.com\/fr\/317112\/"},"modified":"2025-08-13T20:59:11","modified_gmt":"2025-08-13T20:59:11","slug":"le-nombre-de-tirs-de-mortiers-explose-en-ile-de-france","status":"publish","type":"post","link":"https:\/\/www.europesays.com\/fr\/317112\/","title":{"rendered":"Le nombre de tirs de mortiers explose en Ile-de-France"},"content":{"rendered":"\n<p>Les tirs de mortiers deviennent le nouveau fl\u00e9au des habitants franciliens. Selon Bruno Retailleau, ministre de l\u2019Int\u00e9rieur, l\u2019usage de ces engins pyrotechniques aurait explos\u00e9 de 150 % entre 2022 et 2024. Rien que dans l\u2019agglom\u00e9ration parisienne, 1 278 infractions li\u00e9es aux objets incendiaires ont \u00e9t\u00e9 recens\u00e9es. Les riverains d\u00e9plorent surtout des artifices qui ne sont plus utilis\u00e9s pour f\u00eater quelque chose mais pour faire du bruit ou effrayer.<\/p>\n<p>!function(f,b,e,v,n,t,s){if(f.fbq)return;n=f.fbq=function(){n.callMethod?<br \/>\nn.callMethod.apply(n,arguments):n.queue.push(arguments)};if(!f._fbq)f._fbq=n;<br \/>\nn.push=n;n.loaded=!0;n.version=&rsquo;2.0&prime;;n.queue=[];t=b.createElement(e);t.async=!0;<br \/>\nt.src=v;s=b.getElementsByTagName(e)[0];s.parentNode.insertBefore(t,s)}(window,<br \/>\ndocument,&rsquo;script&rsquo;,&rsquo;https:\/\/connect.facebook.net\/en_US\/fbevents.js&rsquo;);<br \/>\nfbq(&lsquo;init&rsquo;, &lsquo;278974969201861&rsquo;); \/\/ Insert your pixel ID here.<br \/>\nfbq(&lsquo;track&rsquo;, &lsquo;PageView&rsquo;);<\/p>\n","protected":false},"excerpt":{"rendered":"Les tirs de mortiers deviennent le nouveau fl\u00e9au des habitants franciliens. Selon Bruno Retailleau, ministre de l\u2019Int\u00e9rieur, l\u2019usage&hellip;\n","protected":false},"author":2,"featured_media":317113,"comment_status":"","ping_status":"","sticky":false,"template":"","format":"standard","meta":{"footnotes":""},"categories":[1592],"tags":[1111,11,38471,1777,674,1011,27,662,38448,12,626,25],"class_list":{"0":"post-317112","1":"post","2":"type-post","3":"status-publish","4":"format-standard","5":"has-post-thumbnail","7":"category-ile-de-france","8":"tag-actu","9":"tag-actualites","10":"tag-artifice","11":"tag-eu","12":"tag-europe","13":"tag-fr","14":"tag-france","15":"tag-ile-de-france","16":"tag-mortier","17":"tag-news","18":"tag-paris","19":"tag-republique-francaise"},"share_on_mastodon":{"url":"https:\/\/pubeurope.com\/@fr\/115023469843035089","error":""},"_links":{"self":[{"href":"https:\/\/www.europesays.com\/fr\/wp-json\/wp\/v2\/posts\/317112","targetHints":{"allow":["GET"]}}],"collection":[{"href":"https:\/\/www.europesays.com\/fr\/wp-json\/wp\/v2\/posts"}],"about":[{"href":"https:\/\/www.europesays.com\/fr\/wp-json\/wp\/v2\/types\/post"}],"author":[{"embeddable":true,"href":"https:\/\/www.europesays.com\/fr\/wp-json\/wp\/v2\/users\/2"}],"replies":[{"embeddable":true,"href":"https:\/\/www.europesays.com\/fr\/wp-json\/wp\/v2\/comments?post=317112"}],"version-history":[{"count":0,"href":"https:\/\/www.europesays.com\/fr\/wp-json\/wp\/v2\/posts\/317112\/revisions"}],"wp:featuredmedia":[{"embeddable":true,"href":"https:\/\/www.europesays.com\/fr\/wp-json\/wp\/v2\/media\/317113"}],"wp:attachment":[{"href":"https:\/\/www.europesays.com\/fr\/wp-json\/wp\/v2\/media?parent=317112"}],"wp:term":[{"taxonomy":"category","embeddable":true,"href":"https:\/\/www.europesays.com\/fr\/wp-json\/wp\/v2\/categories?post=317112"},{"taxonomy":"post_tag","embeddable":true,"href":"https:\/\/www.europesays.com\/fr\/wp-json\/wp\/v2\/tags?post=317112"}],"curies":[{"name":"wp","href":"https:\/\/api.w.org\/{rel}","templated":true}]}}