{"id":317115,"date":"2025-08-13T21:01:09","date_gmt":"2025-08-13T21:01:09","guid":{"rendered":"https:\/\/www.europesays.com\/fr\/317115\/"},"modified":"2025-08-13T21:01:09","modified_gmt":"2025-08-13T21:01:09","slug":"les-parisiens-menes-de-deux-buts-poussent-pour-revenir-en-supercoupe-deurope","status":"publish","type":"post","link":"https:\/\/www.europesays.com\/fr\/317115\/","title":{"rendered":"les Parisiens, men\u00e9s de deux buts, poussent pour revenir en Supercoupe d\u2019Europe"},"content":{"rendered":"\n<p class=\"article__paragraph  \">Bienvenue dans ce direct consacr\u00e9 \u00e0 la finale de la Supercoupe d\u2019Europe, qui oppose le Paris Saint-Germain (PSG) et Tottenham.<\/p>\n<p class=\"article__paragraph  \"><strong>De quoi s\u2019agit-il\u00a0? <\/strong>Du premier troph\u00e9e de la saison avant la reprise des principaux championnats europ\u00e9ens. Le PSG, vainqueur de la Ligue des champions, affronte les Spurs, laur\u00e9ats de la Ligue Europa. L\u2019un des deux clubs succ\u00e9dera au Real Madrid, sacr\u00e9 en\u00a02024\u00a0face \u00e0 l\u2019Atalanta Bergame.<\/p>\n<p class=\"article__paragraph  \"><strong>O\u00f9\u00a0? <\/strong>Au Stade Friuli d\u2019Udine (Italie).<\/p>\n<p class=\"article__paragraph  \"><strong>A quelle heure\u00a0?<\/strong> Coup d\u2019envoi \u00e0 21\u00a0heures.<\/p>\n<p class=\"article__paragraph  \"><strong>Sur quelle cha\u00eene\u00a0? <\/strong>Sur Canal+.<\/p>\n<p class=\"article__paragraph  \"><strong>Qui live\u00a0? <\/strong>Apr\u00e8s le Tour de France, Denis M\u00e9n\u00e9trier et Oscar Korbosli, d\u00e9marqu\u00e9s au sommet du kop d\u2019Austerlitz, ont laiss\u00e9 leurs chaussures de v\u00e9lo route pour des crampons.<\/p>\n<p class=\"article__paragraph  \"><strong>Les compositions des \u00e9quipes\u00a0:<\/strong><\/p>\n<p class=\"article__paragraph  \">Chevalier \u2013 Hakimi, Marquinhos (cap.), Pacho, Nuno Mendes \u2013 Za\u00efre-Emery, Vitinha, Dou\u00e9 \u2013 Barcola, Demb\u00e9l\u00e9, Kvaratskhelia.<\/p>\n<p class=\"article__paragraph  \">Entra\u00eeneur\u00a0: Luis Enrique.<\/p>\n<p class=\"article__paragraph  \">Vicario \u2013 Danso, Romero (cap.), Van de Ven, Spence \u2013 Joao Palhinha, Bentancur, P. Sarr \u2013 Pedro Porro, Richarlison, Kudus.<\/p>\n<p class=\"article__paragraph  \">Entra\u00eeneur\u00a0: Thomas Frank.<\/p>\n<p class=\"article__paragraph  \"><strong>Qui arbitre\u00a0?<\/strong> Le Portugais Joao Pinheiro.<\/p>\n<p class=\"article__paragraph  \"><strong>De quoi ne parlera-t-on pas\u00a0? <\/strong><a href=\"https:\/\/www.lemonde.fr\/les-recettes-du-monde\/article\/2025\/08\/08\/le-kumpir-de-patate-douce-la-recette-de-maryam_6627516_5324493.html\" rel=\"nofollow noopener\" target=\"_blank\">Du <\/a><a href=\"https:\/\/www.lemonde.fr\/les-recettes-du-monde\/article\/2025\/08\/08\/le-kumpir-de-patate-douce-la-recette-de-maryam_6627516_5324493.html\" rel=\"nofollow noopener\" target=\"_blank\">kumpir de patate douce<\/a>.<\/p>\n<p class=\"article__paragraph  \"><strong>Demandez le programme\u2026 <\/strong><a href=\"https:\/\/www.lemonde.fr\/football\/article\/2023\/01\/12\/les-prochains-lives-sport-du-monde_6157620_1616938.html\" rel=\"nofollow noopener\" target=\"_blank\">Les prochains directs sport du \u00ab\u00a0Monde\u00a0\u00bb<\/a><\/p>\n","protected":false},"excerpt":{"rendered":"Bienvenue dans ce direct consacr\u00e9 \u00e0 la finale de la Supercoupe d\u2019Europe, qui oppose le Paris Saint-Germain (PSG)&hellip;\n","protected":false},"author":2,"featured_media":317116,"comment_status":"","ping_status":"","sticky":false,"template":"","format":"standard","meta":{"footnotes":""},"categories":[1888],"tags":[1111,1928,11,1927,1777,674,1011,27,12,1926,626,1925,25],"class_list":{"0":"post-317115","1":"post","2":"type-post","3":"status-publish","4":"format-standard","5":"has-post-thumbnail","7":"category-paris","8":"tag-actu","9":"tag-actu-paris","10":"tag-actualites","11":"tag-actualites-paris","12":"tag-eu","13":"tag-europe","14":"tag-fr","15":"tag-france","16":"tag-news","17":"tag-news-paris","18":"tag-paris","19":"tag-paris-news","20":"tag-republique-francaise"},"share_on_mastodon":{"url":"https:\/\/pubeurope.com\/@fr\/115023477769057642","error":""},"_links":{"self":[{"href":"https:\/\/www.europesays.com\/fr\/wp-json\/wp\/v2\/posts\/317115","targetHints":{"allow":["GET"]}}],"collection":[{"href":"https:\/\/www.europesays.com\/fr\/wp-json\/wp\/v2\/posts"}],"about":[{"href":"https:\/\/www.europesays.com\/fr\/wp-json\/wp\/v2\/types\/post"}],"author":[{"embeddable":true,"href":"https:\/\/www.europesays.com\/fr\/wp-json\/wp\/v2\/users\/2"}],"replies":[{"embeddable":true,"href":"https:\/\/www.europesays.com\/fr\/wp-json\/wp\/v2\/comments?post=317115"}],"version-history":[{"count":0,"href":"https:\/\/www.europesays.com\/fr\/wp-json\/wp\/v2\/posts\/317115\/revisions"}],"wp:featuredmedia":[{"embeddable":true,"href":"https:\/\/www.europesays.com\/fr\/wp-json\/wp\/v2\/media\/317116"}],"wp:attachment":[{"href":"https:\/\/www.europesays.com\/fr\/wp-json\/wp\/v2\/media?parent=317115"}],"wp:term":[{"taxonomy":"category","embeddable":true,"href":"https:\/\/www.europesays.com\/fr\/wp-json\/wp\/v2\/categories?post=317115"},{"taxonomy":"post_tag","embeddable":true,"href":"https:\/\/www.europesays.com\/fr\/wp-json\/wp\/v2\/tags?post=317115"}],"curies":[{"name":"wp","href":"https:\/\/api.w.org\/{rel}","templated":true}]}}