{"id":317117,"date":"2025-08-13T21:02:22","date_gmt":"2025-08-13T21:02:22","guid":{"rendered":"https:\/\/www.europesays.com\/fr\/317117\/"},"modified":"2025-08-13T21:02:22","modified_gmt":"2025-08-13T21:02:22","slug":"paris-lance-sa-saison-sans-veritable-preparation","status":"publish","type":"post","link":"https:\/\/www.europesays.com\/fr\/317117\/","title":{"rendered":"Paris lance sa saison sans v\u00e9ritable pr\u00e9paration"},"content":{"rendered":"<p>                         <img loading=\"lazy\" decoding=\"async\" src=\"https:\/\/www.europesays.com\/fr\/wp-content\/uploads\/2025\/08\/8da120c_ftp-import-images-1-d9byiljdjre4-2025-07-13t213233z-337607401-up1el7d1nu8dy-rtrmadp-3-soccer.jpeg\" alt=\"L\u2019entra\u00eeneur du Paris Saint-Germain, Luis Enrique, apr\u00e8s la finale de la Coupe du monde des clubs de football face \u00e0 Chelsea, au MetLife Stadium, dans le New Jersey, le 13\u00a0juillet\u00a02025.\"   width=\"664\" height=\"443\"\/>    L\u2019entra\u00eeneur du Paris Saint-Germain, Luis Enrique, apr\u00e8s la finale de la Coupe du monde des clubs de football face \u00e0 Chelsea, au MetLife Stadium, dans le New Jersey, le 13\u00a0juillet\u00a02025.  KAI PFAFFENBACH \/ REUTERS                 <\/p>\n<p class=\"article__paragraph  \">Il y a quelques ann\u00e9es, Rapha\u00ebl Varane, champion du monde 2018 avec l\u2019\u00e9quipe de France, comparait le football professionnel \u00e0 une \u00ab\u00a0machine \u00e0 laver\u00a0\u00bb. Une analogie que ne renieraient pas les joueurs du Paris Saint-Germain (PSG). Pour filer la m\u00e9taphore, apr\u00e8s la vidange \u2013 ces trois semaines de vacances qui ont suivi leur d\u00e9faite en finale de la Coupe du monde des clubs<a href=\"https:\/\/www.lemonde.fr\/sport\/article\/2025\/07\/13\/le-psg-echoue-en-finale-du-mondial-des-clubs-au-terme-d-une-saison-exceptionnelle_6621053_3242.html\" rel=\"nofollow noopener\" target=\"_blank\"> contre Chelsea<\/a> (0-3), le 13\u00a0juillet \u2013, les hommes de Luis Enrique, essor\u00e9s, lancent un nouveau cycle, mercredi 13\u00a0ao\u00fbt, face \u00e0 Tottenham en Supercoupe d\u2019Europe, avant de retrouver la Ligue\u00a01, contre Nantes, le 17.<\/p>\n<p>   Lire plus tard  <\/p>\n<p class=\"article__paragraph  \">Il y a un mois, jour pour jour, l\u2019\u00e9quipe connaissait une triste fin \u00e0 une \u00e9pop\u00e9e radieuse, dont le point d\u2019orgue avait \u00e9t\u00e9 la victoire en finale de la Ligue des champions<a href=\"https:\/\/www.lemonde.fr\/sport\/article\/2025\/06\/01\/psg-inter-milan-paris-remporte-sans-coup-ferir-la-ligue-des-champions-une-consecration-tant-attendue_6609763_3242.html\" rel=\"nofollow noopener\" target=\"_blank\"> face \u00e0 l\u2019Inter Milan<\/a> (5-0), le\u00a031\u00a0mai. Cet exercice 2024-2025 a \u00e9t\u00e9, pour les joueurs, le coach et son encadrement, aussi long et \u00e9prouvant qu\u2019historique. \u00ab\u00a0Nous sommes tr\u00e8s fatigu\u00e9s. On a jou\u00e9 beaucoup de matchs\u00a0\u00bb, d\u00e9clarait Gianluigi Donnarumma, le gardien italien du PSG \u2013 <a href=\"https:\/\/www.lemonde.fr\/sport\/article\/2025\/08\/12\/gianluigi-donnarumma-ecarte-du-groupe-du-psg-pour-la-supercoupe-d-europe_6628526_3242.html\" rel=\"nofollow noopener\" target=\"_blank\">\u00e9cart\u00e9 du groupe pour la rencontre de mercredi<\/a> \u2013, le 23\u00a0juin, \u00e0 l\u2019issue de la phase de groupes du Mondial des clubs.<\/p>\n<p class=\"reading-mode-only \"><strong>Il vous reste 77.93% de cet article \u00e0 lire. La suite est r\u00e9serv\u00e9e aux abonn\u00e9s.<\/strong><\/p>\n","protected":false},"excerpt":{"rendered":"L\u2019entra\u00eeneur du Paris Saint-Germain, Luis Enrique, apr\u00e8s la finale de la Coupe du monde des clubs de football&hellip;\n","protected":false},"author":2,"featured_media":317118,"comment_status":"","ping_status":"","sticky":false,"template":"","format":"standard","meta":{"footnotes":""},"categories":[1888],"tags":[1111,1928,11,1927,1777,674,1011,27,12,1926,626,1925,25],"class_list":{"0":"post-317117","1":"post","2":"type-post","3":"status-publish","4":"format-standard","5":"has-post-thumbnail","7":"category-paris","8":"tag-actu","9":"tag-actu-paris","10":"tag-actualites","11":"tag-actualites-paris","12":"tag-eu","13":"tag-europe","14":"tag-fr","15":"tag-france","16":"tag-news","17":"tag-news-paris","18":"tag-paris","19":"tag-paris-news","20":"tag-republique-francaise"},"share_on_mastodon":{"url":"https:\/\/pubeurope.com\/@fr\/115023482096730498","error":""},"_links":{"self":[{"href":"https:\/\/www.europesays.com\/fr\/wp-json\/wp\/v2\/posts\/317117","targetHints":{"allow":["GET"]}}],"collection":[{"href":"https:\/\/www.europesays.com\/fr\/wp-json\/wp\/v2\/posts"}],"about":[{"href":"https:\/\/www.europesays.com\/fr\/wp-json\/wp\/v2\/types\/post"}],"author":[{"embeddable":true,"href":"https:\/\/www.europesays.com\/fr\/wp-json\/wp\/v2\/users\/2"}],"replies":[{"embeddable":true,"href":"https:\/\/www.europesays.com\/fr\/wp-json\/wp\/v2\/comments?post=317117"}],"version-history":[{"count":0,"href":"https:\/\/www.europesays.com\/fr\/wp-json\/wp\/v2\/posts\/317117\/revisions"}],"wp:featuredmedia":[{"embeddable":true,"href":"https:\/\/www.europesays.com\/fr\/wp-json\/wp\/v2\/media\/317118"}],"wp:attachment":[{"href":"https:\/\/www.europesays.com\/fr\/wp-json\/wp\/v2\/media?parent=317117"}],"wp:term":[{"taxonomy":"category","embeddable":true,"href":"https:\/\/www.europesays.com\/fr\/wp-json\/wp\/v2\/categories?post=317117"},{"taxonomy":"post_tag","embeddable":true,"href":"https:\/\/www.europesays.com\/fr\/wp-json\/wp\/v2\/tags?post=317117"}],"curies":[{"name":"wp","href":"https:\/\/api.w.org\/{rel}","templated":true}]}}