{"id":317123,"date":"2025-08-13T21:05:16","date_gmt":"2025-08-13T21:05:16","guid":{"rendered":"https:\/\/www.europesays.com\/fr\/317123\/"},"modified":"2025-08-13T21:05:16","modified_gmt":"2025-08-13T21:05:16","slug":"la-lituanie-forme-ses-enfants-aux-drones-face-a-la-menace-russe","status":"publish","type":"post","link":"https:\/\/www.europesays.com\/fr\/317123\/","title":{"rendered":"La Lituanie forme ses enfants aux drones face \u00e0 la menace russe"},"content":{"rendered":"<p>Quand on a pour voisin un r\u00e9gime qui envoie deux\u00a0drones \u00ab\u00a0par erreur\u00a0\u00bb\u00a0au-dessus de votre territoire en moins d&rsquo;un mois, on a le choix\u00a0: subir ou se pr\u00e9parer. Les Lituaniens ont choisi. <a class=\"Link\" href=\"https:\/\/www.lepoint.fr\/monde\/drones-russes-pourquoi-la-lituanie-demande-l-aide-de-l-otan-07-08-2025-2595908_24.php\" title=\"\" data-gtm=\"click:capsule\" data-capsule=\"Lien\" rel=\"nofollow noopener\" target=\"_blank\">Face aux r\u00e9centes menaces russes<\/a>,\u00a0le gouvernement de\u00a0ce petit pays de 2,8 millions d&rsquo;habitants\u00a0vient d&rsquo;annoncer qu&rsquo;il\u00a0allait former\u00a022\u00a0000 de ses citoyens, dont\u00a07\u00a0000 enfants d\u00e8s l&rsquo;\u00e2ge de huit ans, aux techniques\u00a0de\u00a0fabrication et au pilotage de drones.\u00a0<\/p>\n<p>L&rsquo;initiative, men\u00e9e conjointement par les minist\u00e8res de la D\u00e9fense et de l&rsquo;\u00c9ducation, s&rsquo;inscrit dans un effort\u00a0visant \u00e0 \u00ab\u00a0\u00e9largir la formation \u00e0 la r\u00e9sistance civile\u00a0\u00bb et dans un \u00e9tat d&rsquo;alerte maximale des pays baltes depuis l&rsquo;invasion de l&rsquo;Ukraine. Mercredi encore, l&rsquo;Estonie expulsait un diplomate russe pour \u00ab\u00a0ing\u00e9rence persistante\u00a0\u00bb\u00a0dans ses affaires int\u00e9rieures, l&rsquo;accusant d&rsquo;\u00eatre \u00ab\u00a0directement et activement impliqu\u00e9 dans la d\u00e9stabilisation de l&rsquo;ordre constitutionnel estonien\u00a0\u00bb.<\/p>\n<p>Le programme lituanien, pour lequel le gouvernement va consacrer 3,3 millions d&rsquo;euros, sera adapt\u00e9 selon les \u00e2ges\u00a0: les \u00e9l\u00e8ves de troisi\u00e8me et quatri\u00e8me ann\u00e9e de primaire (de\u00a08\u00a0\u00e0\u00a010\u00a0ans) apprendront \u00e0 assembler et \u00e0 piloter de simples drones, tandis que les lyc\u00e9ens concevront des pi\u00e8ces et construiront des appareils plus sophistiqu\u00e9s. Il s&rsquo;agit aussi techniquement pour le pays enclav\u00e9 d&rsquo;acqu\u00e9rir des drones FPV (vue \u00e0 la premi\u00e8re personne) d&rsquo;int\u00e9rieur et d&rsquo;ext\u00e9rieur, des syst\u00e8mes de commande et de transmission vid\u00e9o, ainsi qu&rsquo;une application mobile d\u00e9di\u00e9e \u00e0 la formation \u2013\u00a0qui\u00a0sera assur\u00e9e par l&rsquo;Union des tireurs lituaniens, en collaboration avec l&rsquo;Agence lituanienne d&rsquo;\u00e9ducation non formelle.\u00a0<\/p>\n<p>\u00ab\u00a0Nous pr\u00e9voyons que\u00a015\u00a0500 adultes et\u00a07\u00a0000 enfants acquerront des comp\u00e9tences en pilotage de drones d&rsquo;ici\u00a02028\u00a0\u00bb, a d\u00e9clar\u00e9 la ministre de la D\u00e9fense, Dovil\u0117 \u0160akalien\u0117. D\u00e8s septembre, trois centres de formation ouvriront leurs portes \u00e0 Jonava, Taurag\u0117 et K\u0117dainiai. Six autres suivront d&rsquo;ici 2028.<\/p>\n<p>Une strat\u00e9gie d\u00e9fensive assum\u00e9e<\/p>\n<p>\n\u00c0 D\u00e9couvrir<br \/>\n<strong class=\"discover-kangourou__line\"><br \/>\n<img decoding=\"async\" class=\"discover-kangourou__img\" src=\"https:\/\/static.lpnt.fr\/static\/img\/kangourou\/kangourou_filled.svg\"\/><br \/>\n<strong class=\"discover-kangourou__txt\"><br \/>\n<strong>Le Kangourou du jour<\/strong><br \/>\n<a href=\"https:\/\/kangourou.lepoint.fr\" title=\"kangourou\" data-gtm-cta=\"kangourou_article\" class=\"discover-kangourou__lnk\" rel=\"nofollow noopener\" target=\"_blank\"><br \/>\nR\u00e9pondre<br \/>\n<\/a><br \/>\n<\/strong><br \/>\n<\/strong><br \/>\nEn choisissant de former massivement sa population aux drones, la Lituanie fait\u00a0le pari que ces technologies seront d\u00e9terminantes dans les conflits futurs. Les combats en Ukraine l&rsquo;ont amplement d\u00e9montr\u00e9\u00a0: <a class=\"Link\" href=\"https:\/\/www.lepoint.fr\/monde\/guerre-en-ukraine-le-drone-a-fibre-optique-s-impose-sur-le-front-20-05-2025-2590121_24.php\" title=\"\" data-gtm=\"click:capsule\" data-capsule=\"Lien\" rel=\"nofollow noopener\" target=\"_blank\">les drones FPV<\/a> sont devenus l&rsquo;une des armes les plus meurtri\u00e8res sur les lignes de front, tandis que les drones longue port\u00e9e terrorisent r\u00e9guli\u00e8rement les grandes villes ukrainiennes.<\/p>\n<p>Contrairement \u00e0 la <a class=\"Link\" href=\"https:\/\/www.lepoint.fr\/tags\/russie\" data-gtm=\"click:capsule\" data-capsule=\"Lien\" rel=\"nofollow noopener\" target=\"_blank\">Russie<\/a>, qui selon\u00a0les\u00a0r\u00e9v\u00e9lations\u00a0du m\u00e9dia russe en exil,\u00a0<a class=\"Link\" href=\"https:\/\/theins.ru\/en\/inv\/283351\" target=\"_blank\" title=\"\" data-gtm=\"click:capsule\" data-capsule=\"Lien\" rel=\"nofollow noopener\">The Insider<\/a>, publi\u00e9es en juillet, exploiterait le travail d&rsquo;enfants dans ses usines militaires \u2013 violant ainsi de nombreuses conventions internationales \u2013, la Lituanie mise sur la transparence et la p\u00e9dagogie.\u00a0L&rsquo;objectif n&rsquo;est pas de transformer ses enfants en soldats, ni de\u00a0participer \u00e0 des op\u00e9rations militaires, mais de\u00a0leur donner les cl\u00e9s technologiques et\u00a0renforcer leurs\u00a0capacit\u00e9s de r\u00e9sistance\u00a0face \u00e0 une \u00e9ventuelle agression.\u00a0Dans cette guerre hybride que m\u00e8ne la Russie aux fronti\u00e8res de l&rsquo;Europe, la petite Lituanie r\u00e9pond par une le\u00e7on d&rsquo;\u00e9ducation.\u00a0<\/p>\n<p>Toute l\u2019actualit\u00e9 \u00e0 1\u20ac le premier mois<\/p>\n<p><a href=\"https:\/\/abo.lepoint.fr\/?provenance=21EDI020098\" class=\"btn\" title=\"S&#039;abonner\" data-gtm=\"click:abo|display:abo\" data-campaign=\"paywall_maison\" rel=\"nofollow noopener\" target=\"_blank\">S&rsquo;abonner<\/a><\/p>\n<p>ou<\/p>\n","protected":false},"excerpt":{"rendered":"Quand on a pour voisin un r\u00e9gime qui envoie deux\u00a0drones \u00ab\u00a0par erreur\u00a0\u00bb\u00a0au-dessus de votre territoire en moins d&rsquo;un&hellip;\n","protected":false},"author":2,"featured_media":317124,"comment_status":"","ping_status":"","sticky":false,"template":"","format":"standard","meta":{"footnotes":""},"categories":[1591],"tags":[11,1887,12,1885,1886,132],"class_list":{"0":"post-317123","1":"post","2":"type-post","3":"status-publish","4":"format-standard","5":"has-post-thumbnail","7":"category-russie","8":"tag-actualites","9":"tag-federation-de-russie","10":"tag-news","11":"tag-russia","12":"tag-russian-federation","13":"tag-russie"},"share_on_mastodon":{"url":"https:\/\/pubeurope.com\/@fr\/115023493482764572","error":""},"_links":{"self":[{"href":"https:\/\/www.europesays.com\/fr\/wp-json\/wp\/v2\/posts\/317123","targetHints":{"allow":["GET"]}}],"collection":[{"href":"https:\/\/www.europesays.com\/fr\/wp-json\/wp\/v2\/posts"}],"about":[{"href":"https:\/\/www.europesays.com\/fr\/wp-json\/wp\/v2\/types\/post"}],"author":[{"embeddable":true,"href":"https:\/\/www.europesays.com\/fr\/wp-json\/wp\/v2\/users\/2"}],"replies":[{"embeddable":true,"href":"https:\/\/www.europesays.com\/fr\/wp-json\/wp\/v2\/comments?post=317123"}],"version-history":[{"count":0,"href":"https:\/\/www.europesays.com\/fr\/wp-json\/wp\/v2\/posts\/317123\/revisions"}],"wp:featuredmedia":[{"embeddable":true,"href":"https:\/\/www.europesays.com\/fr\/wp-json\/wp\/v2\/media\/317124"}],"wp:attachment":[{"href":"https:\/\/www.europesays.com\/fr\/wp-json\/wp\/v2\/media?parent=317123"}],"wp:term":[{"taxonomy":"category","embeddable":true,"href":"https:\/\/www.europesays.com\/fr\/wp-json\/wp\/v2\/categories?post=317123"},{"taxonomy":"post_tag","embeddable":true,"href":"https:\/\/www.europesays.com\/fr\/wp-json\/wp\/v2\/tags?post=317123"}],"curies":[{"name":"wp","href":"https:\/\/api.w.org\/{rel}","templated":true}]}}