{"id":317129,"date":"2025-08-13T21:08:13","date_gmt":"2025-08-13T21:08:13","guid":{"rendered":"https:\/\/www.europesays.com\/fr\/317129\/"},"modified":"2025-08-13T21:08:13","modified_gmt":"2025-08-13T21:08:13","slug":"les-vacances-tres-remarquees-du-vice-president-americain-jd-vance","status":"publish","type":"post","link":"https:\/\/www.europesays.com\/fr\/317129\/","title":{"rendered":"les vacances tr\u00e8s remarqu\u00e9es du vice-pr\u00e9sident am\u00e9ricain, JD Vance"},"content":{"rendered":"<p class=\"article-p mdl\">Le vice-pr\u00e9sident am\u00e9ricain, pourtant tr\u00e8s critique envers l&rsquo;Europe, a tout de m\u00eame d\u00e9cid\u00e9 d&rsquo;y venir passer ses vacances d&rsquo;\u00e9t\u00e9. <strong>JD Vance a \u00e9t\u00e9 accueilli par des militants <\/strong>qui ont manifest\u00e9 contre sa venue dans une petite bourgade situ\u00e9e dans l&rsquo;ouest de Londres. Mais les services am\u00e9ricains \u00e9taient pr\u00e9sents en nombre pour maintenir sa s\u00e9curit\u00e9.<\/p>\n<p class=\"article-p mdl\">Au total, seize grosses voitures \u00e9taient pr\u00e9sentes afin de traverser les petits villages chics et champ\u00eatres\u00a0<a class=\"link\" href=\"https:\/\/www.rtl.fr\/actu\/international\/royaume-uni-le-teletravail-et-les-salaries-britanniques-une-love-story-qui-se-poursuit-7900530584\" target=\"_blank\" rel=\"nofollow noopener\">de la Grande-Bretagne<\/a>. Et le moins que l&rsquo;on puisse dire est que JD Vance n&rsquo;est effectivement pas la tasse de th\u00e9 des britanniques&#8230;<\/p>\n<p class=\"article-p mdl\">\u00e9Les brutes ne sont pas les bienvenus ici\u00a0\u00bb, \u00ab\u00a0rentre chez toi\u00a0\u00bb&#8230; Autant de messages sur les pancartes des manifestants en ce d\u00e9but de semaine. Pourtant, le vice-pr\u00e9sident am\u00e9ricain a profess\u00e9 son amour pour l&rsquo;Angleterre, notamment quand il a pass\u00e9 le week-end avec le <strong>ministre des Affaires \u00e9trang\u00e8res, David Lammy<\/strong>, dans sa maison de campagne officielle.<\/p>\n<p class=\"article-p mdl\">Mais encore une fois, une p\u00e9rip\u00e9tie est arriv\u00e9e lors de la partie de p\u00eache r\u00e9alis\u00e9e entre eux deux. Le ministre des Affaires \u00e9trang\u00e8res a d\u00fb se d\u00e9noncer, mercredi 13 ao\u00fbt, aupr\u00e8s des autorit\u00e9s comp\u00e9tentes car <strong>il n&rsquo;avait pas le permis<\/strong>, qui est obligatoire, pour p\u00eacher dans cet \u00e9tang. Il risque donc une amende de 3000 euros.\u00a0<a class=\"link\" href=\"https:\/\/www.rtl.fr\/actu\/economie-consommation\/ventes-de-puces-electroniques-les-etats-unis-concluent-un-accord-avec-la-chine-7900530397\" target=\"_blank\" rel=\"nofollow noopener\">Mais l&rsquo;Am\u00e9ricain<\/a>, lui, ne risque rien.<\/p>\n<p class=\"article-p mdl\">Alors ce n&rsquo;est donc pas pour fuir la justice que <strong>JD Vance est enfin arriv\u00e9 en \u00c9cosse<\/strong>. Il \u00e9tait d\u00e9j\u00e0 pr\u00e9vu qu&rsquo;il aille taquiner la balle de golf dans l&rsquo;un des complexes de\u00a0<a class=\"link\" href=\"https:\/\/www.rtl.fr\/actu\/international\/etats-unis-donald-trump-avertit-les-sans-abri-de-partir-immediatement-de-washington-7900529215\" target=\"_blank\" rel=\"nofollow noopener\">Donald Trump<\/a>. Les locaux avaient d&rsquo;ailleurs pu apercevoir le pr\u00e9sident il y a deux semaines, en compagnie d&rsquo;un convoi g\u00e9ant \u00e0 l&rsquo;am\u00e9ricaine au milieu de la verdure.<\/p>\n<p>    La r\u00e9daction vous recommande<\/p>\n<p class=\"s-newsletter__title\">\n                L\u2019actualit\u00e9 par la r\u00e9daction de RTL dans votre bo\u00eete mail.\n            <\/p>\n<p class=\"s-newsletter__subtitle\">\n                Gr\u00e2ce \u00e0 votre compte RTL abonnez-vous \u00e0 la newsletter RTL info pour suivre toute l&rsquo;actualit\u00e9 au quotidien\n            <\/p>\n<p>\n                                    Lire la suite\n                                <\/p>\n","protected":false},"excerpt":{"rendered":"Le vice-pr\u00e9sident am\u00e9ricain, pourtant tr\u00e8s critique envers l&rsquo;Europe, a tout de m\u00eame d\u00e9cid\u00e9 d&rsquo;y venir passer ses vacances&hellip;\n","protected":false},"author":2,"featured_media":317130,"comment_status":"","ping_status":"","sticky":false,"template":"","format":"standard","meta":{"footnotes":""},"categories":[1588],"tags":[11,75,73,1777,674,107,12,973,473,1853,1851,1850,1852,2528],"class_list":{"0":"post-317129","1":"post","2":"type-post","3":"status-publish","4":"format-standard","5":"has-post-thumbnail","7":"category-royaume-uni","8":"tag-actualites","9":"tag-donald-trump","10":"tag-etats-unis","11":"tag-eu","12":"tag-europe","13":"tag-fil-info","14":"tag-news","15":"tag-people","16":"tag-royaume-uni","17":"tag-royaume-uni-de-grande-bretagne-et-dirlande-du-nord","18":"tag-uk","19":"tag-united-kingdom","20":"tag-united-kingdom-of-great-britain-and-northern-ireland","21":"tag-vacances"},"share_on_mastodon":{"url":"https:\/\/pubeurope.com\/@fr\/115023505385984452","error":""},"_links":{"self":[{"href":"https:\/\/www.europesays.com\/fr\/wp-json\/wp\/v2\/posts\/317129","targetHints":{"allow":["GET"]}}],"collection":[{"href":"https:\/\/www.europesays.com\/fr\/wp-json\/wp\/v2\/posts"}],"about":[{"href":"https:\/\/www.europesays.com\/fr\/wp-json\/wp\/v2\/types\/post"}],"author":[{"embeddable":true,"href":"https:\/\/www.europesays.com\/fr\/wp-json\/wp\/v2\/users\/2"}],"replies":[{"embeddable":true,"href":"https:\/\/www.europesays.com\/fr\/wp-json\/wp\/v2\/comments?post=317129"}],"version-history":[{"count":0,"href":"https:\/\/www.europesays.com\/fr\/wp-json\/wp\/v2\/posts\/317129\/revisions"}],"wp:featuredmedia":[{"embeddable":true,"href":"https:\/\/www.europesays.com\/fr\/wp-json\/wp\/v2\/media\/317130"}],"wp:attachment":[{"href":"https:\/\/www.europesays.com\/fr\/wp-json\/wp\/v2\/media?parent=317129"}],"wp:term":[{"taxonomy":"category","embeddable":true,"href":"https:\/\/www.europesays.com\/fr\/wp-json\/wp\/v2\/categories?post=317129"},{"taxonomy":"post_tag","embeddable":true,"href":"https:\/\/www.europesays.com\/fr\/wp-json\/wp\/v2\/tags?post=317129"}],"curies":[{"name":"wp","href":"https:\/\/api.w.org\/{rel}","templated":true}]}}