{"id":317134,"date":"2025-08-13T21:11:13","date_gmt":"2025-08-13T21:11:13","guid":{"rendered":"https:\/\/www.europesays.com\/fr\/317134\/"},"modified":"2025-08-13T21:11:13","modified_gmt":"2025-08-13T21:11:13","slug":"le-maroc-premier-fournisseur-de-lespagne-en-dehors-de-lunion-europeenne","status":"publish","type":"post","link":"https:\/\/www.europesays.com\/fr\/317134\/","title":{"rendered":"Le Maroc premier fournisseur de l\u2019Espagne en dehors de l\u2019Union europ\u00e9enne"},"content":{"rendered":"<p>\t\t\t\t\t En chiffres, les importations espagnoles de fruits et l\u00e9gumes frais ont atteint 2,655 milliards d\u2019euros, soit une hausse de 13 % par rapport \u00e0 la m\u00eame p\u00e9riode en 2024, selon les donn\u00e9es de la F\u00e9d\u00e9ration espagnole des producteurs et exportateurs de fruits et l\u00e9gumes (Fepex). <\/p>\n<p>Parmi ce montant, 1,806 milliard d\u2019euros provenaient de pays hors Union europ\u00e9enne, dont 834 millions d\u2019euros du Maroc. Le Royaume devance ainsi la France, qui arrive en deuxi\u00e8me position avec 234 millions d\u2019euros, enregistrant un recul de 6 % par rapport \u00e0 2024, selon la Fepex. <\/p>\n<p>Si le Maroc devance la France en valeur, l\u2019Hexagone, lui, devance le Royaume en termes de volume des exportations. En effet, le Maroc arrive en deuxi\u00e8me place avec un volume de 322 810 tonnes de fruits et l\u00e9gumes, contre 549 069 tonnes pour la France, qui occupe la premi\u00e8re place. <\/p>\n<p>Par rapport \u00e0 la m\u00eame p\u00e9riode de l\u2019ann\u00e9e derni\u00e8re, le Maroc a augment\u00e9 ses volumes d\u2019exportation vers l\u2019Espagne de 26 %. En 2024, les importations espagnoles de fruits et l\u00e9gumes frais ont totalis\u00e9 4,3 millions de tonnes, pour une valeur de 5,001 milliards d\u2019euros. <\/p>\n<p>Concernant les l\u00e9gumes, les pommes de terre ont \u00e9t\u00e9 les plus import\u00e9es, avec 1,27 million de tonnes et une valeur de 561 millions d\u2019euros. Du c\u00f4t\u00e9 des fruits, apr\u00e8s les bananes, les plus import\u00e9s ont \u00e9t\u00e9 les avocats, avec 262 071 tonnes pour un montant de 635,5 millions d\u2019euros. <\/p>\n<p>Cette importation a connu une croissance de 8 % en volume et de 22 % en valeur. Viennent ensuite les oranges (225 703 tonnes et 145 millions d\u2019euros), les pommes (192 501 tonnes et 194 millions d\u2019euros) et les ananas (185 888 tonnes et 166 millions d\u2019euros. <\/p>\n<p>Il convient de noter que malgr\u00e9 les al\u00e9as climatiques qui impactent fortement les rendements en mati\u00e8re de fruits et l\u00e9gumes, le Maroc s\u2019impose comme l\u2019un des leaders mondiaux de l\u2019exportation durable de ces denr\u00e9es. Selon une r\u00e9cente analyse publi\u00e9e par la plateforme EastFruit, le Royaume r\u00e9ussit le pari d\u2019une production continue et exportable. Cette r\u00e9silience s\u2019appuie sur un socle technologique solide : irrigation de pr\u00e9cision, agriculture intelligente face \u00e0 un climat pas toujours \u00abamical\u00bb, ma\u00eetrise des sols et infrastructures de post-r\u00e9colte performantes.\u00a0 <br \/>\u00a0\n\t\t\t\t <\/p>\n","protected":false},"excerpt":{"rendered":"En chiffres, les importations espagnoles de fruits et l\u00e9gumes frais ont atteint 2,655 milliards d\u2019euros, soit une hausse&hellip;\n","protected":false},"author":2,"featured_media":317135,"comment_status":"","ping_status":"","sticky":false,"template":"","format":"standard","meta":{"footnotes":""},"categories":[1586],"tags":[11,5024,5025,5026,258,5028,1659,5029,5027,251,33,2518,1283,1777,674,1779,1011,27,1757,1393,985,12,316,25,104,517,5030,1778,364],"class_list":{"0":"post-317134","1":"post","2":"type-post","3":"status-publish","4":"format-standard","5":"has-post-thumbnail","7":"category-europe","8":"tag-actualites","9":"tag-actualites-et-infos-au-maroc","10":"tag-actualites-et-infos-mondiale","11":"tag-actualites-marocaines-du-jour","12":"tag-alimentation","13":"tag-analyses","14":"tag-art-de-vivre","15":"tag-chronique","16":"tag-consommation-et-bien-etre","17":"tag-culture","18":"tag-economie","19":"tag-edito","20":"tag-etudes","21":"tag-eu","22":"tag-europe","23":"tag-european-union","24":"tag-fr","25":"tag-france","26":"tag-insolite","27":"tag-loisirs","28":"tag-mode","29":"tag-news","30":"tag-politique","31":"tag-republique-francaise","32":"tag-societe","33":"tag-sport","34":"tag-tribune","35":"tag-ue","36":"tag-union-europeenne"},"share_on_mastodon":{"url":"https:\/\/pubeurope.com\/@fr\/115023517074440734","error":""},"_links":{"self":[{"href":"https:\/\/www.europesays.com\/fr\/wp-json\/wp\/v2\/posts\/317134","targetHints":{"allow":["GET"]}}],"collection":[{"href":"https:\/\/www.europesays.com\/fr\/wp-json\/wp\/v2\/posts"}],"about":[{"href":"https:\/\/www.europesays.com\/fr\/wp-json\/wp\/v2\/types\/post"}],"author":[{"embeddable":true,"href":"https:\/\/www.europesays.com\/fr\/wp-json\/wp\/v2\/users\/2"}],"replies":[{"embeddable":true,"href":"https:\/\/www.europesays.com\/fr\/wp-json\/wp\/v2\/comments?post=317134"}],"version-history":[{"count":0,"href":"https:\/\/www.europesays.com\/fr\/wp-json\/wp\/v2\/posts\/317134\/revisions"}],"wp:featuredmedia":[{"embeddable":true,"href":"https:\/\/www.europesays.com\/fr\/wp-json\/wp\/v2\/media\/317135"}],"wp:attachment":[{"href":"https:\/\/www.europesays.com\/fr\/wp-json\/wp\/v2\/media?parent=317134"}],"wp:term":[{"taxonomy":"category","embeddable":true,"href":"https:\/\/www.europesays.com\/fr\/wp-json\/wp\/v2\/categories?post=317134"},{"taxonomy":"post_tag","embeddable":true,"href":"https:\/\/www.europesays.com\/fr\/wp-json\/wp\/v2\/tags?post=317134"}],"curies":[{"name":"wp","href":"https:\/\/api.w.org\/{rel}","templated":true}]}}