{"id":317140,"date":"2025-08-13T21:14:11","date_gmt":"2025-08-13T21:14:11","guid":{"rendered":"https:\/\/www.europesays.com\/fr\/317140\/"},"modified":"2025-08-13T21:14:11","modified_gmt":"2025-08-13T21:14:11","slug":"restrictions-de-circulation-en-ile-de-france-des-jeudi","status":"publish","type":"post","link":"https:\/\/www.europesays.com\/fr\/317140\/","title":{"rendered":"restrictions de circulation en \u00cele-de-France d\u00e8s jeudi"},"content":{"rendered":"<p>La vitesse maximale autoris\u00e9e sera d\u00e9sormais de 110 km\/h pour les portions d\u2019autoroutes limit\u00e9es normalement \u00e0 130 km\/h. Les routes \u00e0 110 km\/h passeront \u00e0 90 km\/h, et celles \u00e0 90 ou 80 km\/h passeront \u00e0 70 km\/h.<\/p>\n<p class=\"fig-paragraph\">Des restrictions de circulation vont \u00eatre mises en place \u00e0 partir de jeudi sur les routes d&rsquo;<a href=\"http:\/\/www.lefigaro.fr\/politique\/le-grand-paris-le-reve-pharaonique-de-nicolas-sarkozy-d-une-metropole-en-ile-de-france-20250802\" target=\"_blank\" data-fig-type=\"Article\" rel=\"noopener\" data-gtm-custom-categorie=\"navigation\" data-gtm-custom-action=\"crossclick\" data-gtm-custom-label=\"Contextuel\" data-gtm-event=\"customEventSPE\" data-fig-domain=\"LEFIGARO\">\u00cele-de-France<\/a>, actuellement en vigilance orange canicule et touch\u00e9e par un \u00e9pisode de pollution \u00abpersistant\u00bb \u00e0 l&rsquo;<a href=\"http:\/\/www.lefigaro.fr\/actualite-france\/canicule-pollution-a-l-ozone-la-prefecture-de-police-de-paris-prend-des-mesures-de-restriction-de-la-circulation-en-ile-de-france-20250629\" target=\"_blank\" data-fig-type=\"NewsFlash\" rel=\"noopener\" data-gtm-custom-categorie=\"navigation\" data-gtm-custom-action=\"crossclick\" data-gtm-custom-label=\"Contextuel\" data-gtm-event=\"customEventSPE\" data-fig-domain=\"LEFIGARO\">ozone<\/a>, a annonc\u00e9 mercredi la pr\u00e9fecture de police de Paris.<\/p>\n<p class=\"fig-paragraph\">Entre 05H30 et minuit, la vitesse maximale autoris\u00e9e sera d\u00e9sormais de 110 km\/h pour les portions d&rsquo;autoroutes limit\u00e9es normalement \u00e0 130 km\/h. Les autoroutes\/routes \u00e0 110 km\/h passeront \u00e0 90 km\/h, et celles \u00e0 90 ou 80 km\/h passeront \u00e0 70 km\/h, indique la pr\u00e9fecture dans un communiqu\u00e9.<\/p>\n<p>                                    <a class=\"fig-a11y-skip a11y-hidden\" href=\"#fig-a11y-skip-main-inarticle\"><br \/>\n        Passer la publicit\u00e9<br \/>\n    <\/a><\/p>\n<p class=\"fig-paragraph\">Les v\u00e9hicules de plus de 3,5 tonnes auront l&rsquo;obligation de contourner la capitale en empruntant la rocade francilienne. Ces mesures resteront en vigueur jusqu&rsquo;\u00e0 leur lev\u00e9e par d\u00e9cision pr\u00e9fectorale, pr\u00e9cise le communiqu\u00e9.<\/p>\n<p>R\u00e9duire les \u00e9missions de polluants<\/p>\n<p class=\"fig-paragraph\">Elles visent \u00e0 r\u00e9duire les \u00e9missions de polluants dans l&rsquo;atmosph\u00e8re, alors qu&rsquo;Airparif, une association qui surveille la\u00a0<a href=\"http:\/\/sante.lefigaro.fr\/social\/sante-publique\/pollution-interieure-la-qualite-de-l-air-s-ameliore-dans-les-logements-francais-20250717\" target=\"_blank\" data-fig-type=\"Article\" rel=\"noopener\" data-gtm-custom-categorie=\"navigation\" data-gtm-custom-action=\"crossclick\" data-gtm-custom-label=\"Contextuel\" data-gtm-event=\"customEventSPE\" data-fig-domain=\"SANTE\">qualit\u00e9 de l&rsquo;air<\/a>\u00a0en \u00cele-de-France, pr\u00e9voit une \u00abpersistance\u00bb de l&rsquo;\u00e9pisode de pollution \u00e0 l&rsquo;ozone d\u00e9but\u00e9 mercredi dans le d\u00e9partement. Celui-ci \u00abpeut constituer un risque pour la sant\u00e9\u00bb, souligne la pr\u00e9fecture.<\/p>\n<p class=\"fig-paragraph\">La France est touch\u00e9e par la canicule depuis plusieurs jours, avec une large partie du pays en vigilance orange et plusieurs d\u00e9partements en vigilance rouge, en particulier dans la moiti\u00e9 sud. Les op\u00e9rations de br\u00fblage \u00e0 l&rsquo;air libre sont \u00e9galement interdites jusqu&rsquo;\u00e0 nouvel ordre et les travaux d&rsquo;entretien ou de nettoyage qui \u00e9mettent des compos\u00e9s organiques volatils, en faisant usage par exemple d&rsquo;outils \u00e0 moteur thermique, de solvants, vernis, colles ou peintures, doivent \u00eatre report\u00e9s, selon la pr\u00e9fecture. Celle-ci recommande par ailleurs de limiter les d\u00e9placements en voiture, ainsi que l&rsquo;exposition \u00e0 la pollution, notamment des personnes vuln\u00e9rables.<\/p>\n","protected":false},"excerpt":{"rendered":"La vitesse maximale autoris\u00e9e sera d\u00e9sormais de 110 km\/h pour les portions d\u2019autoroutes limit\u00e9es normalement \u00e0 130 km\/h.&hellip;\n","protected":false},"author":2,"featured_media":317141,"comment_status":"","ping_status":"","sticky":false,"template":"","format":"standard","meta":{"footnotes":""},"categories":[4],"tags":[11,1011,27,12,1800,25],"class_list":{"0":"post-317140","1":"post","2":"type-post","3":"status-publish","4":"format-standard","5":"has-post-thumbnail","7":"category-france","8":"tag-actualites","9":"tag-fr","10":"tag-france","11":"tag-news","12":"tag-pollution","13":"tag-republique-francaise"},"share_on_mastodon":{"url":"https:\/\/pubeurope.com\/@fr\/115023528811028821","error":""},"_links":{"self":[{"href":"https:\/\/www.europesays.com\/fr\/wp-json\/wp\/v2\/posts\/317140","targetHints":{"allow":["GET"]}}],"collection":[{"href":"https:\/\/www.europesays.com\/fr\/wp-json\/wp\/v2\/posts"}],"about":[{"href":"https:\/\/www.europesays.com\/fr\/wp-json\/wp\/v2\/types\/post"}],"author":[{"embeddable":true,"href":"https:\/\/www.europesays.com\/fr\/wp-json\/wp\/v2\/users\/2"}],"replies":[{"embeddable":true,"href":"https:\/\/www.europesays.com\/fr\/wp-json\/wp\/v2\/comments?post=317140"}],"version-history":[{"count":0,"href":"https:\/\/www.europesays.com\/fr\/wp-json\/wp\/v2\/posts\/317140\/revisions"}],"wp:featuredmedia":[{"embeddable":true,"href":"https:\/\/www.europesays.com\/fr\/wp-json\/wp\/v2\/media\/317141"}],"wp:attachment":[{"href":"https:\/\/www.europesays.com\/fr\/wp-json\/wp\/v2\/media?parent=317140"}],"wp:term":[{"taxonomy":"category","embeddable":true,"href":"https:\/\/www.europesays.com\/fr\/wp-json\/wp\/v2\/categories?post=317140"},{"taxonomy":"post_tag","embeddable":true,"href":"https:\/\/www.europesays.com\/fr\/wp-json\/wp\/v2\/tags?post=317140"}],"curies":[{"name":"wp","href":"https:\/\/api.w.org\/{rel}","templated":true}]}}