{"id":317144,"date":"2025-08-13T21:17:11","date_gmt":"2025-08-13T21:17:11","guid":{"rendered":"https:\/\/www.europesays.com\/fr\/317144\/"},"modified":"2025-08-13T21:17:11","modified_gmt":"2025-08-13T21:17:11","slug":"cest-confirme-janse-roux-va-quitter-brive-pour-un-club-du-top-14","status":"publish","type":"post","link":"https:\/\/www.europesays.com\/fr\/317144\/","title":{"rendered":"C&rsquo;est confirm\u00e9 : Janse Roux va quitter Brive pour un club du Top 14 !"},"content":{"rendered":"<p>Le CA Brive ne verra pas Janse Roux enfiler le maillot noir et blanc en comp\u00e9tition officielle.<\/p>\n<p>Recrut\u00e9 au printemps dernier en provenance de Colomiers, le solide seconde ligne sud-africain est victime d\u2019un exc\u00e8s de talents\u2026 non-JIFF.<\/p>\n<p>Pr\u00e9sent \u00e0 la reprise du club d\u00e9but juillet, Roux a particip\u00e9 au stage de pr\u00e9paration \u00e0 Saint-Lary-Soulan. Pourtant, son aventure avec le CAB va s\u2019arr\u00eater-l\u00e0. En cause : <strong>le d\u00e9passement du quota de joueurs non form\u00e9s en France (non-JIFF)<\/strong>, fix\u00e9 \u00e0 13.<\/p>\n<p>Avec l\u2019arriv\u00e9e estivale de l\u2019exp\u00e9riment\u00e9 Ben Tapuai,\u00a0<strong>le CAB en compte d\u00e9sormais 14<\/strong>. Une situation incompatible avec la r\u00e9glementation, et qui oblige le club \u00e0 faire un choix difficile.<\/p>\n<p>\u00ab Janse s\u2019entra\u00eene avec nous. On va essayer de faire au mieux, pour tout le monde, pour avoir le nombre de non-JIFF ad\u00e9quat. Je ne sais pas quand cela va se d\u00e9canter \u00bb, expliquait <strong>David Darricarr\u00e8re\u00a0<\/strong>via\u00a0<a href=\"https:\/\/www.lamontagne.fr\/brive-la-gaillarde-19100\/sports\/janse-roux-est-bien-un-joueur-du-ca-brive-pour-l-instant_14731379\/\" rel=\"nofollow noopener\" target=\"_blank\">La Montagne<\/a>, il y a quelques jours.<\/p>\n<p>Ce mercredi, le journal <a href=\"https:\/\/www.lamontagne.fr\/brive-la-gaillarde-19100\/sports\/comment-s-adapte-t-on-aux-temperatures-caniculaires-au-ca-brive-reponse-avec-le-directeur-de-la-performance_14734109\/\" rel=\"nofollow noopener\" target=\"_blank\">La Montagne<\/a> confirme l\u2019information.<\/p>\n<p>Recrut\u00e9 par Brive en mars dernier, le seconde ligne Janse Roux ne jouera finalement pas pour le CAB.<\/p>\n<p>Son transfert \u00e0 Lyon est en cours de finalisation.<\/p>\n<p>Janse Roux \u00e9voluera donc en Top 14 la saison prochaine, sous les couleurs du LOU Rugby.<\/p>\n","protected":false},"excerpt":{"rendered":"Le CA Brive ne verra pas Janse Roux enfiler le maillot noir et blanc en comp\u00e9tition officielle. Recrut\u00e9&hellip;\n","protected":false},"author":2,"featured_media":317145,"comment_status":"","ping_status":"","sticky":false,"template":"","format":"standard","meta":{"footnotes":""},"categories":[1416],"tags":[1011,27,479,1468,60],"class_list":{"0":"post-317144","1":"post","2":"type-post","3":"status-publish","4":"format-standard","5":"has-post-thumbnail","7":"category-rugby","8":"tag-fr","9":"tag-france","10":"tag-rugby","11":"tag-rugby-football","12":"tag-sports"},"share_on_mastodon":{"url":"https:\/\/pubeurope.com\/@fr\/115023540601195760","error":""},"_links":{"self":[{"href":"https:\/\/www.europesays.com\/fr\/wp-json\/wp\/v2\/posts\/317144","targetHints":{"allow":["GET"]}}],"collection":[{"href":"https:\/\/www.europesays.com\/fr\/wp-json\/wp\/v2\/posts"}],"about":[{"href":"https:\/\/www.europesays.com\/fr\/wp-json\/wp\/v2\/types\/post"}],"author":[{"embeddable":true,"href":"https:\/\/www.europesays.com\/fr\/wp-json\/wp\/v2\/users\/2"}],"replies":[{"embeddable":true,"href":"https:\/\/www.europesays.com\/fr\/wp-json\/wp\/v2\/comments?post=317144"}],"version-history":[{"count":0,"href":"https:\/\/www.europesays.com\/fr\/wp-json\/wp\/v2\/posts\/317144\/revisions"}],"wp:featuredmedia":[{"embeddable":true,"href":"https:\/\/www.europesays.com\/fr\/wp-json\/wp\/v2\/media\/317145"}],"wp:attachment":[{"href":"https:\/\/www.europesays.com\/fr\/wp-json\/wp\/v2\/media?parent=317144"}],"wp:term":[{"taxonomy":"category","embeddable":true,"href":"https:\/\/www.europesays.com\/fr\/wp-json\/wp\/v2\/categories?post=317144"},{"taxonomy":"post_tag","embeddable":true,"href":"https:\/\/www.europesays.com\/fr\/wp-json\/wp\/v2\/tags?post=317144"}],"curies":[{"name":"wp","href":"https:\/\/api.w.org\/{rel}","templated":true}]}}