{"id":317157,"date":"2025-08-13T21:25:37","date_gmt":"2025-08-13T21:25:37","guid":{"rendered":"https:\/\/www.europesays.com\/fr\/317157\/"},"modified":"2025-08-13T21:25:37","modified_gmt":"2025-08-13T21:25:37","slug":"quand-slim-aarons-photographiait-le-gotha-sur-la-riviera","status":"publish","type":"post","link":"https:\/\/www.europesays.com\/fr\/317157\/","title":{"rendered":"Quand Slim Aarons photographiait le gotha sur la Riviera"},"content":{"rendered":"<p>Des paysages satur\u00e9s de soleil et balay\u00e9s par les embruns, peupl\u00e9s du richissime gotha des ann\u00e9es 60 \u00e0 80\u2026 On se replonge volontiers dans l&rsquo;album photo de <strong>Slim Aarons<\/strong> pour prendre un coup de chaud. Le photographe am\u00e9ricain a, pendant des ann\u00e9es, captur\u00e9 le sentiment d&rsquo;insouciance que seul un \u00e9t\u00e9 pass\u00e9 sur la Riviera \u00e0 la fin du si\u00e8cle dernier pouvait procurer. Petits d\u00e9tails et grandes stars se sont succ\u00e9d\u00e9 sous son objectif, donnant naissance \u00e0 <a href=\"https:\/\/www.vanityfair.fr\/galerie\/slim-aarons-un-ete-sans-fin\" target=\"_blank\" rel=\"noopener\">l&rsquo;un des plus c\u00e9l\u00e8bres et glamour portefolios qui soit<\/a>.<\/p>\n<p>Le natif de <a href=\"https:\/\/www.vanityfair.fr\/dossier\/new-york\" isautogenerated=\"true\" target=\"_blank\" rel=\"noopener\">New York<\/a>, o\u00f9 il nait en 1916, d\u00e9couvre la photographie en rejoignant l&rsquo;arm\u00e9e. Il fait ses premiers essais et perfectionne sa technique en apprenant aupr\u00e8s de photographes rod\u00e9s. Devenu photojournaliste aupr\u00e8s d&rsquo;une gazette militaire, il est envoy\u00e9 au front o\u00f9 il rend compte des horreurs du conflit. Au sortir de la Seconde Guerre mondiale, qui l&rsquo;a laiss\u00e9 traumatis\u00e9, il rentre aux \u00c9tats-Unis, d\u00e9termin\u00e9 \u00e0 s&rsquo;offrir une toute autre existence.<\/p>\n<p>Il r\u00eave d&rsquo;une nouvelle vie o\u00f9 le luxe c\u00f4toierait le farniente, au milieu de paysages oniriques. Il veut du glamour, des couleurs et vendre du r\u00eave. C&rsquo;est ainsi qu&rsquo;il commence \u00e0 \u00ab photographier des personnes s\u00e9duisantes qui font des choses s\u00e9duisantes dans des lieux s\u00e9duisants \u00bb. De Cannes \u00e0 Monaco, en passant par le Cap-Ferret, le Sud devient son terrain de jeu de pr\u00e9dilection. Il immortalise des silhouettes longilignes surmont\u00e9es de brushings mousseux, des corps chauff\u00e9s par les rayons du soleil, des robes chiffonn\u00e9es par le mistral, des regards baladeurs et int\u00e9ress\u00e9s. Il se d\u00e9fend d&rsquo;avoir jamais demand\u00e9 \u00e0 ses muses ou mannequins d&rsquo;un jour de poser pour lui. Il voulait capturer l&rsquo;essence naturelle de ce monde d\u00e9sirable et d\u00e9sir\u00e9.<\/p>\n<p>Il fait des plus majestueux h\u00f4tels et lieux de retraite de la Riviera des stars \u00e0 part enti\u00e8re. Il immortalise le Cap-Eden-Roc, le Grand-H\u00f4tel du Cap Ferrat, le Carlton de Cannes, le Monte-Carlo Beach\u2026 Ses photographies s&rsquo;arrachent par les grands titres de mode et remplissent les beaux livres. Il ne devient pas seulement le photographe des stars et d&rsquo;une jet set enferm\u00e9e dans sa bulle d&rsquo;oppulence, il devient l&rsquo;un des leurs. Il charme, de sa simple existence, les personnalit\u00e9s qu&rsquo;il capture sous son objectif.<\/p>\n<p>Son style vibrant et son \u0153il ac\u00e9r\u00e9 \u00e9l\u00e8vent ses clich\u00e9s au rang d&rsquo;\u0153uvre artistique singuli\u00e8re, <a href=\"https:\/\/www.vanityfair.fr\/galerie\/jet-set-riviera-plongee-eaux-italiennes-photographe-slim-aarons\" target=\"_blank\" rel=\"noopener\">inspirant depuis des g\u00e9n\u00e9rations des aspirants photographes<\/a>. Aujourd&rsquo;hui encore, ses photos sont reproduites, agrandies, accroch\u00e9es aux murs de maisons grises qui r\u00eavent de soleil. Red\u00e9couvrez quelques-unes de ses plus c\u00e9l\u00e8bres photographies.<\/p>\n","protected":false},"excerpt":{"rendered":"Des paysages satur\u00e9s de soleil et balay\u00e9s par les embruns, peupl\u00e9s du richissime gotha des ann\u00e9es 60 \u00e0&hellip;\n","protected":false},"author":2,"featured_media":317158,"comment_status":"","ping_status":"","sticky":false,"template":"","format":"standard","meta":{"footnotes":""},"categories":[1358],"tags":[1348,1384,1385,1386,58,59,1011,27,721],"class_list":{"0":"post-317157","1":"post","2":"type-post","3":"status-publish","4":"format-standard","5":"has-post-thumbnail","7":"category-arts-et-design","8":"tag-arts","9":"tag-arts-and-design","10":"tag-arts-et-design","11":"tag-design","12":"tag-divertissement","13":"tag-entertainment","14":"tag-fr","15":"tag-france","16":"tag-web"},"share_on_mastodon":{"url":"https:\/\/pubeurope.com\/@fr\/115023572106421529","error":""},"_links":{"self":[{"href":"https:\/\/www.europesays.com\/fr\/wp-json\/wp\/v2\/posts\/317157","targetHints":{"allow":["GET"]}}],"collection":[{"href":"https:\/\/www.europesays.com\/fr\/wp-json\/wp\/v2\/posts"}],"about":[{"href":"https:\/\/www.europesays.com\/fr\/wp-json\/wp\/v2\/types\/post"}],"author":[{"embeddable":true,"href":"https:\/\/www.europesays.com\/fr\/wp-json\/wp\/v2\/users\/2"}],"replies":[{"embeddable":true,"href":"https:\/\/www.europesays.com\/fr\/wp-json\/wp\/v2\/comments?post=317157"}],"version-history":[{"count":0,"href":"https:\/\/www.europesays.com\/fr\/wp-json\/wp\/v2\/posts\/317157\/revisions"}],"wp:featuredmedia":[{"embeddable":true,"href":"https:\/\/www.europesays.com\/fr\/wp-json\/wp\/v2\/media\/317158"}],"wp:attachment":[{"href":"https:\/\/www.europesays.com\/fr\/wp-json\/wp\/v2\/media?parent=317157"}],"wp:term":[{"taxonomy":"category","embeddable":true,"href":"https:\/\/www.europesays.com\/fr\/wp-json\/wp\/v2\/categories?post=317157"},{"taxonomy":"post_tag","embeddable":true,"href":"https:\/\/www.europesays.com\/fr\/wp-json\/wp\/v2\/tags?post=317157"}],"curies":[{"name":"wp","href":"https:\/\/api.w.org\/{rel}","templated":true}]}}