{"id":317159,"date":"2025-08-13T21:26:09","date_gmt":"2025-08-13T21:26:09","guid":{"rendered":"https:\/\/www.europesays.com\/fr\/317159\/"},"modified":"2025-08-13T21:26:09","modified_gmt":"2025-08-13T21:26:09","slug":"peyriac-de-mer-bienvenue-a-la-librairie-cafe-larloco","status":"publish","type":"post","link":"https:\/\/www.europesays.com\/fr\/317159\/","title":{"rendered":"Peyriac-de-Mer : bienvenue \u00e0 la librairie caf\u00e9 l\u2019Arloco"},"content":{"rendered":"<p>La librairie caf\u00e9 l\u2019Arloco a ouvert r\u00e9cemment ses portes, 2 place Joseph-Aubin-Fabre. Jasmine Charmont et Johann Auger vous attendent dans ce lieu totalement r\u00e9nov\u00e9 et magique qui se veut une invitation au voyage, \u00e0 la d\u00e9tente et \u00e0 l\u2019art de vivre de Peyriac. Dans ce nouvel espace de convivialit\u00e9, vous avez la possibilit\u00e9 de d\u00e9guster des boissons chaudes et froides en terrasse ou en int\u00e9rieur, issues essentiellement de produits du terroir en vente dans la boutique. Vous prendrez le temps de d\u00e9couvrir de nombreux livres neufs propos\u00e9s uniquement \u00e0 la vente. La librairie s\u2019articule sur sept th\u00e9matiques : la mer centre essentiel de la librairie avec le nautisme et la navigation, l\u2019\u0153nologie, les arts, la gastronomie, la faune, la flore et les sports de pleine nature qui se d\u00e9clinent sous forme de romans, livres de voyages, BD\u2026 Vous avez aussi la possibilit\u00e9 de commander des livres de toutes sortes sans avoir \u00e0 aller \u00e0 la ville ou sur internet. Dans cette librairie au concept tr\u00e8s original, Jasmine et Johann ont le projet d\u2019accueillir des artistes dans une petite salle am\u00e9nag\u00e9e pour des expositions.<\/p>\n<p>La librairie caf\u00e9 est ouverte tous les jours (sauf le mardi) de 10 \u00e0 13 heures et de 15 \u00e0 20 heures l\u2019\u00e9t\u00e9 au 2 place Joseph-Aubin-Fabre ; t\u00e9l. 04 68 33 85 33 ; <a href=\"https:\/\/www.lindependant.fr\/2025\/08\/13\/mailto:librairie.arloco@gmail.com\" rel=\"nofollow noopener\" target=\"_blank\">librairie.arloco@gmail.com<\/a><\/p>\n","protected":false},"excerpt":{"rendered":"La librairie caf\u00e9 l\u2019Arloco a ouvert r\u00e9cemment ses portes, 2 place Joseph-Aubin-Fabre. Jasmine Charmont et Johann Auger vous&hellip;\n","protected":false},"author":2,"featured_media":317160,"comment_status":"","ping_status":"","sticky":false,"template":"","format":"standard","meta":{"footnotes":""},"categories":[1357],"tags":[1379,58,59,1011,27,1380],"class_list":{"0":"post-317159","1":"post","2":"type-post","3":"status-publish","4":"format-standard","5":"has-post-thumbnail","7":"category-livres","8":"tag-books","9":"tag-divertissement","10":"tag-entertainment","11":"tag-fr","12":"tag-france","13":"tag-livres"},"share_on_mastodon":{"url":"https:\/\/pubeurope.com\/@fr\/115023576024784144","error":""},"_links":{"self":[{"href":"https:\/\/www.europesays.com\/fr\/wp-json\/wp\/v2\/posts\/317159","targetHints":{"allow":["GET"]}}],"collection":[{"href":"https:\/\/www.europesays.com\/fr\/wp-json\/wp\/v2\/posts"}],"about":[{"href":"https:\/\/www.europesays.com\/fr\/wp-json\/wp\/v2\/types\/post"}],"author":[{"embeddable":true,"href":"https:\/\/www.europesays.com\/fr\/wp-json\/wp\/v2\/users\/2"}],"replies":[{"embeddable":true,"href":"https:\/\/www.europesays.com\/fr\/wp-json\/wp\/v2\/comments?post=317159"}],"version-history":[{"count":0,"href":"https:\/\/www.europesays.com\/fr\/wp-json\/wp\/v2\/posts\/317159\/revisions"}],"wp:featuredmedia":[{"embeddable":true,"href":"https:\/\/www.europesays.com\/fr\/wp-json\/wp\/v2\/media\/317160"}],"wp:attachment":[{"href":"https:\/\/www.europesays.com\/fr\/wp-json\/wp\/v2\/media?parent=317159"}],"wp:term":[{"taxonomy":"category","embeddable":true,"href":"https:\/\/www.europesays.com\/fr\/wp-json\/wp\/v2\/categories?post=317159"},{"taxonomy":"post_tag","embeddable":true,"href":"https:\/\/www.europesays.com\/fr\/wp-json\/wp\/v2\/tags?post=317159"}],"curies":[{"name":"wp","href":"https:\/\/api.w.org\/{rel}","templated":true}]}}