{"id":317163,"date":"2025-08-13T21:28:14","date_gmt":"2025-08-13T21:28:14","guid":{"rendered":"https:\/\/www.europesays.com\/fr\/317163\/"},"modified":"2025-08-13T21:28:14","modified_gmt":"2025-08-13T21:28:14","slug":"rose-festival-2025-un-savant-melange-entre-des-tetes-daffiche-et-des-artistes-emergents-on-a-analyse-la-programmation-rap-de-levenement","status":"publish","type":"post","link":"https:\/\/www.europesays.com\/fr\/317163\/","title":{"rendered":"Rose Festival 2025\u00a0: \u00ab\u00a0Un savant m\u00e9lange entre des t\u00eates d\u2019affiche et des artistes \u00e9mergents\u00a0\u00bb\u2026 on a analys\u00e9 la programmation rap de l\u2019\u00e9v\u00e9nement"},"content":{"rendered":"<p>\n                                                                    l&rsquo;essentiel<br \/>\n                                                                Le Rose Festival, du 29 au 31\u00a0ao\u00fbt prochains, mise sur le rap fran\u00e7ais pour attirer les foules, entre t\u00eates d\u2019affiche comme Ninho et nouvelles r\u00e9v\u00e9lations comme La Mano 1.9. Une programmation qui cible des publics vari\u00e9s.\n                            <\/p>\n<p>Ninho, Niska, Vald\u2026 De\u00a0nombreux gros noms du rap sont programm\u00e9s au <a href=\"https:\/\/rosefestival.fr\/?_gl=1%2Aqesgio%2A_up%2AMQ..%2A_gs%2AMQ..&amp;gclid=Cj0KCQjwkILEBhDeARIsAL--pjwcr_ewjvo-nXfpgyW1PG8QeBZUlyGfGB-ZXOADpcxUWXEo8SVY7mUaAn1TEALw_wcB&amp;gbraid=0AAAAAou0SeDD4breIzvGwotUh0CZ8CYAJ\" target=\"_self\" rel=\"nofollow noopener\">Rose Festival<\/a>.\u00a0Une liste \u00e9clectique, qui m\u00e9lange les styles, mais pas que.\u00a0\u00ab\u00a0Il y a un savant m\u00e9lange entre des t\u00eates d\u2019affiche bien identifi\u00e9es et des artistes \u00e9mergents, dont la notori\u00e9t\u00e9\u00a0grimpe\u00a0\u00bb, analyse Lise Lacombe, cofondatrice de\u00a0<a href=\"https:\/\/mosaiquemagazine.fr\/\" target=\"_self\" rel=\"nofollow noopener\">Mosa\u00efque<\/a>, magazine consacr\u00e9 au\u00a0rap\u00a0fran\u00e7ais.<\/p>\n<p>        <img decoding=\"async\" class=\"std-img__img responsive-img\" src=\"https:\/\/www.europesays.com\/fr\/wp-content\/uploads\/2025\/08\/1755120492_336_image.jpg\" alt=\"\u00c0 gauche\u00a0: Ril\u00e8s, Luidji. \u00c0 droite\u00a0: SDM, Vald.\"\/><\/p>\n<p>                \u00c0 gauche\u00a0: Ril\u00e8s, Luidji. \u00c0 droite\u00a0: SDM, Vald.<br \/>\n                                    Elisa Parron, DR, Fred de Pontcharra, Odieux Boby<\/p>\n<p class=\"std-elt__inline\">\n        <strong>\u00c0 lire aussi :<\/strong><br \/>\n        <a href=\"https:\/\/www.ladepeche.fr\/2025\/08\/10\/rose-festival-2025-la-musique-ma-sauve-la-vie-qui-est-enock-laureat-du-tremplin-et-jeune-prodige-qui-bouscule-les-codes-12838307.php\" rel=\"nofollow noopener\" target=\"_blank\">Rose Festival 2025. \u00ab\u00a0La musique m\u2019a sauv\u00e9 la vie\u00a0\u00bb\u00a0: qui est Enock, laur\u00e9at du Tremplin et jeune prodige qui bouscule les codes\u00a0?<\/a>\n    <\/p>\n<p>Les rookies du rap en force<\/p>\n<p>Elle fait r\u00e9f\u00e9rence aux rappeurs\u00a0<a href=\"https:\/\/www.instagram.com\/lamano1.9\/?hl=fr\" target=\"_self\" rel=\"nofollow noopener\">La Mano 1.9<\/a> et\u00a0<a href=\"https:\/\/www.instagram.com\/jolagreen23\/?hl=fr\" target=\"_self\" rel=\"nofollow noopener\">Jolagreen23<\/a>, respectivement programm\u00e9s le samedi soir et le dimanche soir. Le premier, amateur de drill (genre caract\u00e9ris\u00e9\u00a0par un rythme irr\u00e9gulier), se d\u00e9marque par sa voix atypique.\u00a0Il a re\u00e7u le prix de la r\u00e9v\u00e9lation masculine de l\u2019ann\u00e9e \u00e0 la c\u00e9r\u00e9monie des Flammes, en mai.<\/p>\n<\/p>\n<p>                    <img decoding=\"async\" class=\"responsive-img\" src=\"https:\/\/www.europesays.com\/fr\/wp-content\/uploads\/2025\/08\/1755120493_93_hqdefault.jpg\"\/><br \/>\n                <a class=\"stretched-link\" href=\"#paywall\" rel=\"js-anchor\"><\/p>\n<p>        <\/a><\/p>\n<p>De son c\u00f4t\u00e9, Jolagreen23 fait aussi partie de cette nouvelle g\u00e9n\u00e9ration qui arrive en puissance dans la cour des grands. Reconnu pour ses nombreuses r\u00e9f\u00e9rences \u00e0 l\u2019univers des\u00a0jeux vid\u00e9o, son autre passion, il a sorti son dernier projet \u00ab\u00a0GOTY EDITION\u00a0\u00bb en juillet.<\/p>\n<p>\u00ab\u00a0Les noms \u00e0 avoir pour ramener du public\u00a0\u00bb<\/p>\n<p>La plupart des autres rappeurs programm\u00e9s sont d\u00e9j\u00e0 bien connus du grand public. \u00ab\u00a0<a href=\"https:\/\/www.youtube.com\/channel\/UC3nGUU-1Vmx17Oh7vVhC4Lg\" target=\"_self\" rel=\"nofollow noopener\">SDM<\/a>, par exemple, est l\u2019un des plus populaires en ce moment, poursuit Lise Lacombe.\u00a0<a href=\"https:\/\/www.youtube.com\/channel\/UCJLf09xWypM3UrNjcrCJafw\" target=\"_self\" rel=\"nofollow noopener\">Luidji<\/a> est pr\u00e9sent depuis plus longtemps. Il\u00a0apporte une autre couleur, un peu plus douce.\u00a0\u00bb Ce dernier\u00a0avait d\u2019ailleurs d\u00e9j\u00e0 particip\u00e9 \u00e0 la premi\u00e8re \u00e9dition du Rose en 2022.<\/p>\n<\/p>\n<p>                    <img decoding=\"async\" class=\"responsive-img\" src=\"https:\/\/www.europesays.com\/fr\/wp-content\/uploads\/2025\/08\/1755120494_441_hqdefault.jpg\"\/><br \/>\n                <a class=\"stretched-link\" href=\"#paywall\" rel=\"js-anchor\"><\/p>\n<p>        <\/a><\/p>\n<p>\u00ab\u00a0Sur l\u2019affiche, il y a les noms \u00e0 avoir pour ramener du public.\u00a0\u00bb Un manque de prise de risque donc\u00a0? \u00ab\u00a0C\u2019est un peu le reproche que je ferais \u00e0 tous ces gros \u00e9v\u00e9nements\u00a0: \u00e7a reste des gens tr\u00e8s attendus, qui font tous les festivals de l\u2019ann\u00e9e, indique la cofondatrice de Mosa\u00efque.\u00a0Mais c\u2019est aussi le jeu.\u00a0\u00bb<\/p>\n<p>Un moyen pour les organisateurs d\u2019\u00eatre certains d\u2019attirer les foules. \u00ab\u00a0Aujourd\u2019hui, les personnes qui\u00a0se d\u00e9placent en festival, sont surtout celles qui \u00e9coutent du rap. C\u2019est la raison pour laquelle tous ces \u00e9v\u00e9nements en France se concentrent sur les rappeurs.\u00a0\u00bb Ainsi, sur les trois jours du Rose, les artistes du genre ont \u00e9t\u00e9 r\u00e9partis\u00a0: <a href=\"https:\/\/www.youtube.com\/watch?v=xkcfng5o8Qw\" target=\"_self\" rel=\"nofollow noopener\">Ninho\u00a0&amp; Niska<\/a> le vendredi\u00a0; <a href=\"https:\/\/www.instagram.com\/valdsullyvan\/?hl=fr\" target=\"_self\" rel=\"nofollow noopener\">Vald<\/a>, Bigflo\u00a0&amp; Oli, <a href=\"https:\/\/www.instagram.com\/youssouphamusik\/?hl=fr\" target=\"_self\" rel=\"nofollow noopener\">Youssoupha<\/a>,\u00a0etc. le samedi\u00a0; SDM, <a href=\"https:\/\/www.instagram.com\/0riles\/?hl=fr\" target=\"_self\" rel=\"nofollow noopener\">Ril\u00e8s<\/a>, Luidji,\u00a0etc. le dimanche.<\/p>\n<p class=\"std-elt__inline\">\n        <strong>\u00c0 lire aussi :<\/strong><br \/>\n        <a href=\"https:\/\/www.ladepeche.fr\/2025\/05\/14\/rose-festival-2025-un-vrai-honneur-detre-invitee-la-chanteuse-belge-helena-revelee-par-la-star-academy-parmi-les-derniers-noms-annonces-12691117.php\" rel=\"nofollow noopener\" target=\"_blank\">Rose Festival 2025. \u00ab\u00a0Un vrai honneur d\u2019\u00eatre invit\u00e9e\u00a0\u00bb\u00a0: la chanteuse belge Helena, r\u00e9v\u00e9l\u00e9e par la Star Academy, parmi les derniers noms annonc\u00e9s<\/a>\n    <\/p>\n<p>Le manque de parit\u00e9<\/p>\n<p>\u00ab\u00a0Malgr\u00e9 tout, on sent que cette programmation reste ouverte\u00a0: il y a de la soul avec <a href=\"https:\/\/www.instagram.com\/jorjasmith_\/?hl=fr\" target=\"_self\" rel=\"nofollow noopener\">Jorja Smith<\/a>, de la vari\u00e9t\u00e9 avec <a href=\"https:\/\/www.ladepeche.fr\/2025\/04\/26\/pierre-garnier-le-grand-gagnant-de-la-star-academy-donne-tout-devant-10-000-fans-conquis-au-zenith-de-toulouse-12658982.php\" target=\"_self\" rel=\"nofollow noopener\">Pierre Garnier<\/a>, de la pop\u2026 Ou encore une artiste comme Sheng, qui se situe \u00e0 la crois\u00e9e de plusieurs genres. Il y a une volont\u00e9 de plaire \u00e0 plusieurs publics. On a tendance \u00e0 dire\u00a0que tous les jeunes \u00e9coutent du rap, mais ce n\u2019est pas compl\u00e8tement vrai.\u00a0\u00bb<\/p>\n<\/p>\n<p>                    <img decoding=\"async\" class=\"responsive-img\" src=\"https:\/\/www.europesays.com\/fr\/wp-content\/uploads\/2025\/08\/1755120494_71_hqdefault.jpg\"\/><br \/>\n                <a class=\"stretched-link\" href=\"#paywall\" rel=\"js-anchor\"><\/p>\n<p>        <\/a><\/p>\n<p>Seul b\u00e9mol\u00a0: le manque de repr\u00e9sentation f\u00e9minine. \u00ab\u00a0\u00c7a manque de femmes, c\u2019est ind\u00e9niable. Mais malheureusement, dans le rap mainstream en France, elles sont peu nombreuses. On a tendance \u00e0 dire que <a href=\"https:\/\/www.instagram.com\/theodorabosslady\/?hl=fr\" target=\"_self\" rel=\"nofollow noopener\">Theodora<\/a> prend cette place, mais si elle repr\u00e9sente la culture populaire, elle n\u2019est pas rappeuse. Et d\u2019ailleurs, elle fait un bien fou \u00e0 cette sc\u00e8ne.\u00a0\u00bb\u00a0L\u2019interpr\u00e8te de <a href=\"https:\/\/www.youtube.com\/watch?v=d2tnwgcBfoA\" target=\"_self\" rel=\"nofollow noopener\">\u00ab\u00a0KONGOLESE SOUS BBL\u00a0\u00bb<\/a> performera au <a href=\"https:\/\/meett.fr\/\" target=\"_self\" rel=\"nofollow noopener\">MEETT<\/a> le samedi 30\u00a0ao\u00fbt, aux c\u00f4t\u00e9s d\u2019autres artistes bien loin du rap, comme <a href=\"https:\/\/www.instagram.com\/aliocha.s\/\" target=\"_self\" rel=\"nofollow noopener\">Aliocha Schneider<\/a> ou <a href=\"https:\/\/www.instagram.com\/kavinsky\/?hl=fr\" target=\"_self\" rel=\"nofollow noopener\">Kavinsky<\/a>.<\/p>\n<p>                                                                                                                                                                                                        <script async src=\"\/\/www.instagram.com\/embed.js\"><\/script><\/p>\n","protected":false},"excerpt":{"rendered":"l&rsquo;essentiel Le Rose Festival, du 29 au 31\u00a0ao\u00fbt prochains, mise sur le rap fran\u00e7ais pour attirer les foules,&hellip;\n","protected":false},"author":2,"featured_media":317164,"comment_status":"","ping_status":"","sticky":false,"template":"","format":"standard","meta":{"footnotes":""},"categories":[1355],"tags":[58,59,1011,27,1361,873],"class_list":{"0":"post-317163","1":"post","2":"type-post","3":"status-publish","4":"format-standard","5":"has-post-thumbnail","7":"category-musique","8":"tag-divertissement","9":"tag-entertainment","10":"tag-fr","11":"tag-france","12":"tag-music","13":"tag-musique"},"share_on_mastodon":{"url":"https:\/\/pubeurope.com\/@fr\/115023584565566036","error":""},"_links":{"self":[{"href":"https:\/\/www.europesays.com\/fr\/wp-json\/wp\/v2\/posts\/317163","targetHints":{"allow":["GET"]}}],"collection":[{"href":"https:\/\/www.europesays.com\/fr\/wp-json\/wp\/v2\/posts"}],"about":[{"href":"https:\/\/www.europesays.com\/fr\/wp-json\/wp\/v2\/types\/post"}],"author":[{"embeddable":true,"href":"https:\/\/www.europesays.com\/fr\/wp-json\/wp\/v2\/users\/2"}],"replies":[{"embeddable":true,"href":"https:\/\/www.europesays.com\/fr\/wp-json\/wp\/v2\/comments?post=317163"}],"version-history":[{"count":0,"href":"https:\/\/www.europesays.com\/fr\/wp-json\/wp\/v2\/posts\/317163\/revisions"}],"wp:featuredmedia":[{"embeddable":true,"href":"https:\/\/www.europesays.com\/fr\/wp-json\/wp\/v2\/media\/317164"}],"wp:attachment":[{"href":"https:\/\/www.europesays.com\/fr\/wp-json\/wp\/v2\/media?parent=317163"}],"wp:term":[{"taxonomy":"category","embeddable":true,"href":"https:\/\/www.europesays.com\/fr\/wp-json\/wp\/v2\/categories?post=317163"},{"taxonomy":"post_tag","embeddable":true,"href":"https:\/\/www.europesays.com\/fr\/wp-json\/wp\/v2\/tags?post=317163"}],"curies":[{"name":"wp","href":"https:\/\/api.w.org\/{rel}","templated":true}]}}