{"id":317165,"date":"2025-08-13T21:29:15","date_gmt":"2025-08-13T21:29:15","guid":{"rendered":"https:\/\/www.europesays.com\/fr\/317165\/"},"modified":"2025-08-13T21:29:15","modified_gmt":"2025-08-13T21:29:15","slug":"pourquoi-cette-nouvelle-affiche-est-plus-geniale-quon-ne-le-pense","status":"publish","type":"post","link":"https:\/\/www.europesays.com\/fr\/317165\/","title":{"rendered":"pourquoi cette nouvelle affiche est plus g\u00e9niale qu&rsquo;on ne le pense ?"},"content":{"rendered":"<p><strong><a href=\"https:\/\/www.ecranlarge.com\/films\/1453814-the-conjuring-4\" data-type=\"films\" data-id=\"693077\" rel=\"nofollow noopener\" target=\"_blank\">Conjuring : L\u2019Heure du jugement<\/a>\u00a0arrive \u00e0 grands pas, comme le confirme une nouvelle affiche plut\u00f4t g\u00e9niale.\u00a0<\/strong><\/p>\n<p>Avec deux bandes-annonces de sorties, on en sait d\u00e9j\u00e0 pas mal sur le quatri\u00e8me volet de la franchise <strong><a href=\"https:\/\/www.ecranlarge.com\/films\/865089-conjuring-les-dossiers-warren\" data-type=\"films\" data-id=\"680289\" rel=\"nofollow noopener\" target=\"_blank\">Conjuring<\/a><\/strong>, qui devrait mettre un point final \u00e0 la saga (ou, du moins, \u00e0 son tronc central) initi\u00e9e par <a href=\"https:\/\/www.ecranlarge.com\/personnalite\/657507-james-wan\" data-type=\"people\" data-id=\"3386\" rel=\"nofollow noopener\" target=\"_blank\">James Wan<\/a> avec le premier film de 2013.\u00a0<a href=\"https:\/\/www.ecranlarge.com\/personnalite\/668793-vera-farmiga\" data-type=\"people\" data-id=\"4709\" rel=\"nofollow noopener\" target=\"_blank\">Vera Farmiga<\/a> et\u00a0<a href=\"https:\/\/www.ecranlarge.com\/personnalite\/656990-patrick-wilson\" data-type=\"people\" data-id=\"4713\" rel=\"nofollow noopener\" target=\"_blank\">Patrick Wilson<\/a> sont \u00e9videmment de retour dans le r\u00f4le de Lorraine et Ed Warren (h\u00e9ros \u00e0 l\u2019\u00e9cran, escrocs dans la vie), tout comme <a href=\"https:\/\/www.ecranlarge.com\/personnalite\/1036674-michael-chaves\" data-type=\"people\" data-id=\"484678\" rel=\"nofollow noopener\" target=\"_blank\">Michael Chaves<\/a> revient derri\u00e8re la cam\u00e9ra apr\u00e8s avoir inflig\u00e9 <strong><a href=\"https:\/\/www.ecranlarge.com\/films\/1036677-the-curse-of-la-llorona\" data-type=\"films\" data-id=\"687339\" rel=\"nofollow noopener\" target=\"_blank\">La Mal\u00e9diction de la dame blanche<\/a><\/strong>, <strong><a href=\"https:\/\/www.ecranlarge.com\/films\/995945-the-conjuring-3\" data-type=\"films\" data-id=\"686315\" rel=\"nofollow noopener\" target=\"_blank\">Conjuring 3<\/a><\/strong> et <strong><a href=\"https:\/\/www.ecranlarge.com\/films\/1445490-la-nonne-2\" data-type=\"films\" data-id=\"692751\" rel=\"nofollow noopener\" target=\"_blank\">La Nonne 2<\/a><\/strong> aux adeptes du Conjuringverse.<\/p>\n<p>                    <img decoding=\"async\" alt=\"\" class=\"wp-image-518375\" style=\"object-fit:cover;width:25px;height:25px\" src=\"https:\/\/www.ecranlarge.com\/content\/uploads\/2023\/09\/arrow-right-circle.svg\"\/><\/p>\n<p>Entre images enthousiasmantes et clich\u00e9s ambulants, les deux bandes-annonces ont soit donn\u00e9 envie, soit rebut\u00e9 les potentiels futurs spectateurs de ce <strong>Conjuring 4<\/strong>. Mais, aujourd\u2019hui, <strong>c\u2019est avec une nouvelle affiche que le film drague les foules<\/strong>. Et elle, au moins, elle est terriblement r\u00e9ussie.<\/p>\n<p><a href=\"https:\/\/www.ecranlarge.com\/content\/uploads\/2025\/08\/image.png\" rel=\"nofollow noopener\" target=\"_blank\"><\/p>\n<p><img loading=\"lazy\" decoding=\"async\" alt=\"Conjuring : L'Heure du jugement\" src=\"https:\/\/www.europesays.com\/fr\/wp-content\/uploads\/2025\/08\/image-1260x709.png\" width=\"1260\" height=\"709\"  \/><\/p>\n<p><\/a>L\u2019affiche pr\u00e9c\u00e9dente en jetait d\u00e9j\u00e0 pas malConjuring 4 : d\u00e9j\u00e0 une affiche meilleure que le film ?<\/p>\n<p>\u00c0 l\u2019heure o\u00f9 sont \u00e9crites ces lignes, la nouvelle affiche de <strong>Conjuring 4<\/strong> vient de d\u00e9barquer sur les r\u00e9seaux, et force est de constater qu\u2019elle en jette. Si <strong>tous les doutes sont permis quant \u00e0 la qualit\u00e9 du futur film<\/strong>, puisque son r\u00e9alisateur n\u2019a jamais fait preuve du moindre talent (ce qui n\u2019a pas emp\u00each\u00e9 ses films du Conjuringverse de cartonner), les fans des Warren fictifs pourront au moins se r\u00e9jouir de ce qui est s\u00fbrement <strong>l\u2019une des meilleures affiches de la franchise<\/strong>.<\/p>\n<p>Mais en quoi est-elle si r\u00e9ussie ? Au-del\u00e0 de son pur aspect esth\u00e9tique, <strong>elle r\u00e9sume habilement les th\u00e8mes principaux d\u00e9j\u00e0 teas\u00e9s dans les bandes-annonces<\/strong>. Montrant un miroir dont le cadre \u00e9pouse celui de l\u2019affiche elle-m\u00eame, comme si elle \u00e9tait ce miroir, l\u2019image invite d\u2019ores et d\u00e9j\u00e0 \u00e0 une introspection et \u00e0 un regard jet\u00e9 sur la saga en elle-m\u00eame. Id\u00e9al pour un volet conclusif, et d\u2019autant plus pertinent que <strong>Conjuring 4<\/strong> est cens\u00e9<strong> se pencher sur la psych\u00e9 des Warren<\/strong>, au centre du miroir, et sur le d\u00e9mon qui les hante depuis leur jeunesse.<\/p>\n<blockquote class=\"twitter-tweet\">\n<p lang=\"en\" dir=\"ltr\">New poster for the final \u2018CONJURING\u2019 movie.<\/p>\n<p>In theaters on September 5. <a href=\"https:\/\/t.co\/qtonJWzQ52\" rel=\"nofollow\">pic.twitter.com\/qtonJWzQ52<\/a><\/p>\n<p>\u2014 DiscussingFilm (@DiscussingFilm) <a href=\"https:\/\/twitter.com\/DiscussingFilm\/status\/1955637842224500768?ref_src=twsrc%5Etfw\" target=\"_blank\" rel=\"noopener nofollow\">August 13, 2025<\/a><\/p><\/blockquote>\n<p>D\u00e9tail qui n\u2019en est pas un : le miroir est bris\u00e9 pr\u00e8s du visage de Lorraine, ce qui n\u2019est pas sans rappeler une sc\u00e8ne du premier film (souvent reprise dans les suites) dans laquelle Ed raconte la mani\u00e8re dont<strong> sa femme perd un morceau d\u2019elle-m\u00eame \u00e0 chaque exorcisme<\/strong>. Il met l\u2019accent sur un exorcisme en particulier au cours duquel Lorraine aurait regard\u00e9 le diable dans les yeux d\u2019un peu trop pr\u00e8s, suite \u00e0 quoi ce mal lui aurait pris <strong>un plus gros morceau d\u2019\u00e2me<\/strong> que d\u2019habitude.<\/p>\n<p>Cette cassure du miroir symbolise cette id\u00e9e d\u2019\u00e2me qui se brise petit \u00e0 petit, et bien \u00e9videmment, le gros morceau manquant qui laisse appara\u00eet l\u2019\u0153il du d\u00e9mon en lieu et place de celui de Lorraine <strong>\u00e9voque cette pi\u00e8ce perdue il y a bien longtemps<\/strong>.<\/p>\n<p><a href=\"https:\/\/www.ecranlarge.com\/content\/uploads\/2025\/08\/image-1.png\" rel=\"nofollow noopener\" target=\"_blank\"><\/p>\n<p><img loading=\"lazy\" decoding=\"async\" alt=\"patrick wilson vera farmiga conjuring 4\" src=\"https:\/\/www.europesays.com\/fr\/wp-content\/uploads\/2025\/08\/image-1-1260x709.png\" width=\"1260\" height=\"709\"  \/><\/p>\n<p><\/a>La derni\u00e8re danse des Warren<\/p>\n<p>Bref, au-del\u00e0 d\u2019une composition d\u2019image \u00e9l\u00e9gante et d\u2019un contraste de couleurs fort entre le vert terne et le rouge vif (deux couleurs symboliquement associ\u00e9es au diable au cours de l\u2019Histoire), cette affiche raconte un peu tout <strong>Conjuring <\/strong>(surtout celui de la belle \u00e9poque) en une seule image, et <strong>laisse imaginer tous les enjeux du nouveau film<\/strong> qui va tenter de boucler la boucle.<\/p>\n<p>Est-ce que \u00e7a rendra le film meilleur, ou est-ce que \u00e7a r\u00e9parera toute la propagande pro-Warren de la saga ? S\u00fbrement pas, mais en termes d\u2019affiche, au moins, la r\u00e9ussite est totale.<strong> Conjuring : L\u2019Heure du jugement<\/strong><strong> sortira dans les salles fran\u00e7aises le 10 septembre 2025.\u00a0<\/strong><\/p>\n<p>    <script async src=\"https:\/\/platform.twitter.com\/widgets.js\" charset=\"utf-8\"><\/script><\/p>\n","protected":false},"excerpt":{"rendered":"Conjuring : L\u2019Heure du jugement\u00a0arrive \u00e0 grands pas, comme le confirme une nouvelle affiche plut\u00f4t g\u00e9niale.\u00a0 Avec deux&hellip;\n","protected":false},"author":2,"featured_media":317166,"comment_status":"","ping_status":"","sticky":false,"template":"","format":"standard","meta":{"footnotes":""},"categories":[1354],"tags":[58,59,1346,1011,27,1360],"class_list":{"0":"post-317165","1":"post","2":"type-post","3":"status-publish","4":"format-standard","5":"has-post-thumbnail","7":"category-films","8":"tag-divertissement","9":"tag-entertainment","10":"tag-films","11":"tag-fr","12":"tag-france","13":"tag-movies"},"share_on_mastodon":{"url":"https:\/\/pubeurope.com\/@fr\/115023587880781299","error":""},"_links":{"self":[{"href":"https:\/\/www.europesays.com\/fr\/wp-json\/wp\/v2\/posts\/317165","targetHints":{"allow":["GET"]}}],"collection":[{"href":"https:\/\/www.europesays.com\/fr\/wp-json\/wp\/v2\/posts"}],"about":[{"href":"https:\/\/www.europesays.com\/fr\/wp-json\/wp\/v2\/types\/post"}],"author":[{"embeddable":true,"href":"https:\/\/www.europesays.com\/fr\/wp-json\/wp\/v2\/users\/2"}],"replies":[{"embeddable":true,"href":"https:\/\/www.europesays.com\/fr\/wp-json\/wp\/v2\/comments?post=317165"}],"version-history":[{"count":0,"href":"https:\/\/www.europesays.com\/fr\/wp-json\/wp\/v2\/posts\/317165\/revisions"}],"wp:featuredmedia":[{"embeddable":true,"href":"https:\/\/www.europesays.com\/fr\/wp-json\/wp\/v2\/media\/317166"}],"wp:attachment":[{"href":"https:\/\/www.europesays.com\/fr\/wp-json\/wp\/v2\/media?parent=317165"}],"wp:term":[{"taxonomy":"category","embeddable":true,"href":"https:\/\/www.europesays.com\/fr\/wp-json\/wp\/v2\/categories?post=317165"},{"taxonomy":"post_tag","embeddable":true,"href":"https:\/\/www.europesays.com\/fr\/wp-json\/wp\/v2\/tags?post=317165"}],"curies":[{"name":"wp","href":"https:\/\/api.w.org\/{rel}","templated":true}]}}