{"id":317176,"date":"2025-08-13T21:35:11","date_gmt":"2025-08-13T21:35:11","guid":{"rendered":"https:\/\/www.europesays.com\/fr\/317176\/"},"modified":"2025-08-13T21:35:11","modified_gmt":"2025-08-13T21:35:11","slug":"a-geneve-les-pays-rejettent-en-masse-laccord-international-sur-la-gestion-des-dechets","status":"publish","type":"post","link":"https:\/\/www.europesays.com\/fr\/317176\/","title":{"rendered":"A Gen\u00e8ve, les pays rejettent en masse l\u2019accord international sur la gestion des d\u00e9chets"},"content":{"rendered":"<p>Les n\u00e9gociations cens\u00e9es accoucher du premier trait\u00e9 international pour lutter contre la <a href=\"https:\/\/www.20minutes.fr\/planete\/plastique\/\" target=\"_blank\" class=\"c-link c-link--is-underlined\" rel=\"nofollow noopener\">pollution plastique<\/a> ont tourn\u00e9 court mercredi \u00e0 <a href=\"https:\/\/www.20minutes.fr\/dossier\/geneve\" target=\"_blank\" class=\"c-link c-link--is-underlined\" rel=\"nofollow noopener\">Gen\u00e8ve<\/a>, \u00e0 seulement trente heures de la cl\u00f4ture pr\u00e9vue. La pr\u00e9sentation par le pr\u00e9sident de session, le diplomate \u00e9quatorien Luis Vayas Valdivieso, d\u2019un <a href=\"https:\/\/www.20minutes.fr\/planete\/4167703-20250812-sommet-mondial-pollution-plastique-negociations-extremement-difficiles-face-pays-petroliers\" target=\"_blank\" class=\"c-link c-link--is-underlined\" rel=\"nofollow noopener\">texte de synth\u00e8se de 31 articles<\/a> a provoqu\u00e9 un toll\u00e9 parmi la majorit\u00e9 des d\u00e9l\u00e9gations, qui refusent de l\u2019accepter comme base de travail.<\/p>\n<p>La <a href=\"https:\/\/www.20minutes.fr\/monde\/colombie\/\" target=\"_blank\" class=\"c-link c-link--is-underlined\" rel=\"nofollow noopener\">Colombie<\/a> a ouvert le feu des critiques en qualifiant le document d\u2019\u00ab\u00a0inacceptable\u00a0\u00bb, rejointe par le Chili, le <a href=\"https:\/\/www.20minutes.fr\/dossier\/mexique\" target=\"_blank\" class=\"c-link c-link--is-underlined\" rel=\"nofollow noopener\">Mexique<\/a>, le Panama, le <a href=\"https:\/\/www.20minutes.fr\/dossier\/canada\" target=\"_blank\" class=\"c-link c-link--is-underlined\" rel=\"nofollow noopener\">Canada<\/a>, l\u2019Union europ\u00e9enne \u2013 France comprise \u2013 ainsi que plusieurs Etats insulaires du <a href=\"https:\/\/www.20minutes.fr\/dossier\/pacifique\" target=\"_blank\" class=\"c-link c-link--is-underlined\" rel=\"nofollow noopener\">Pacifique<\/a>. Pour le repr\u00e9sentant chilien, le texte est \u00ab\u00a0clairement d\u00e9s\u00e9quilibr\u00e9\u00a0\u00bb, car il rel\u00e8gue l\u2019action au seul niveau national et \u00ab\u00a0ne cr\u00e9e aucun espace de coop\u00e9ration internationale\u00a0\u00bb. Le <a href=\"https:\/\/www.20minutes.fr\/dossier\/danemark\" target=\"_blank\" class=\"c-link c-link--is-underlined\" rel=\"nofollow noopener\">Danemark<\/a>, qui assure la pr\u00e9sidence tournante de l\u2019<a href=\"https:\/\/www.20minutes.fr\/dossier\/ue\" target=\"_blank\" class=\"c-link c-link--is-underlined\" rel=\"nofollow noopener\">UE<\/a>, a d\u00e9nonc\u00e9 un projet \u00ab\u00a0qui ne fait pas le minimum n\u00e9cessaire\u00a0\u00bb.<\/p>\n<\/p>\n<p>Absence de mesures \u00ab\u00a0claires, robustes et concr\u00e8tes\u00a0\u00bb<\/p>\n<p>Le Panama a livr\u00e9 l\u2019une des attaques les plus virulentes, estimant que le texte \u00ab\u00a0rend cette blessure fatale\u00a0\u00bb et que \u00ab\u00a0ce n\u2019est pas de l\u2019ambition, c\u2019est de la reddition\u00a0\u00bb. M\u00eame constat du c\u00f4t\u00e9 de Bruxelles, qui d\u00e9plore l\u2019absence de mesures \u00ab\u00a0claires, robustes et concr\u00e8tes\u00a0\u00bb, tandis que le Kenya pointe le manque total d\u2019obligations mondiales contraignantes, jug\u00e9es indispensables pour donner au trait\u00e9 une \u00ab\u00a0valeur d\u00e9montrable\u00a0\u00bb.<\/p>\n<p><a href=\"https:\/\/www.20minutes.fr\/planete\/pollution\/\" target=\"_blank\" class=\"c-link c-btn c-btn--primary\" rel=\"nofollow noopener\">Notre dossier sur la pollution<\/a><\/p>\n<p>Les <a href=\"https:\/\/www.20minutes.fr\/dossier\/ong\" target=\"_blank\" class=\"c-link c-link--is-underlined\" rel=\"nofollow noopener\">ONG<\/a> se sont elles aussi insurg\u00e9es. Greenpeace y voit un \u00ab\u00a0cadeau \u00e0 l\u2019industrie <a href=\"https:\/\/www.20minutes.fr\/dossier\/petrole\" target=\"_blank\" class=\"c-link c-link--is-underlined\" rel=\"nofollow noopener\">p\u00e9trochimique<\/a> et une trahison de l\u2019humanit\u00e9\u00a0\u00bb, d\u00e9plorant l\u2019absence de dispositions visant \u00e0 limiter la production de plastique vierge. Ironie du sort, m\u00eame les pays producteurs de p\u00e9trole, farouchement oppos\u00e9s aux restrictions, ont exprim\u00e9 leur insatisfaction. La <a href=\"https:\/\/www.20minutes.fr\/dossier\/chine\" target=\"_blank\" class=\"c-link c-link--is-underlined\" rel=\"nofollow noopener\">Chine<\/a>, premier producteur mondial, a exhort\u00e9 la pr\u00e9sidence \u00e0 se \u00ab\u00a0concentrer\u00a0\u00bb sur les points majeurs plut\u00f4t que d\u2019\u00ab\u00a0accro\u00eetre les divergences\u00a0\u00bb. Seul le Conseil international de la chimie (ICCA) a gard\u00e9 un ton mesur\u00e9, r\u00e9affirmant son soutien \u00e0 un accord global.<\/p>\n","protected":false},"excerpt":{"rendered":"Les n\u00e9gociations cens\u00e9es accoucher du premier trait\u00e9 international pour lutter contre la pollution plastique ont tourn\u00e9 court mercredi&hellip;\n","protected":false},"author":2,"featured_media":317177,"comment_status":"","ping_status":"","sticky":false,"template":"","format":"standard","meta":{"footnotes":""},"categories":[5],"tags":[11,2360,574,145,1011,27,10868,22050,14,12,844,52,6579,1800,555,28],"class_list":{"0":"post-317176","1":"post","2":"type-post","3":"status-publish","4":"format-standard","5":"has-post-thumbnail","7":"category-international","8":"tag-actualites","9":"tag-bruxelles","10":"tag-canada","11":"tag-danemark","12":"tag-fr","13":"tag-france","14":"tag-geneve","15":"tag-greenpeace","16":"tag-international","17":"tag-news","18":"tag-petrole","19":"tag-planete","20":"tag-plastique","21":"tag-pollution","22":"tag-union-europeenne-ue","23":"tag-world"},"share_on_mastodon":{"url":"https:\/\/pubeurope.com\/@fr\/115023611375493523","error":""},"_links":{"self":[{"href":"https:\/\/www.europesays.com\/fr\/wp-json\/wp\/v2\/posts\/317176","targetHints":{"allow":["GET"]}}],"collection":[{"href":"https:\/\/www.europesays.com\/fr\/wp-json\/wp\/v2\/posts"}],"about":[{"href":"https:\/\/www.europesays.com\/fr\/wp-json\/wp\/v2\/types\/post"}],"author":[{"embeddable":true,"href":"https:\/\/www.europesays.com\/fr\/wp-json\/wp\/v2\/users\/2"}],"replies":[{"embeddable":true,"href":"https:\/\/www.europesays.com\/fr\/wp-json\/wp\/v2\/comments?post=317176"}],"version-history":[{"count":0,"href":"https:\/\/www.europesays.com\/fr\/wp-json\/wp\/v2\/posts\/317176\/revisions"}],"wp:featuredmedia":[{"embeddable":true,"href":"https:\/\/www.europesays.com\/fr\/wp-json\/wp\/v2\/media\/317177"}],"wp:attachment":[{"href":"https:\/\/www.europesays.com\/fr\/wp-json\/wp\/v2\/media?parent=317176"}],"wp:term":[{"taxonomy":"category","embeddable":true,"href":"https:\/\/www.europesays.com\/fr\/wp-json\/wp\/v2\/categories?post=317176"},{"taxonomy":"post_tag","embeddable":true,"href":"https:\/\/www.europesays.com\/fr\/wp-json\/wp\/v2\/tags?post=317176"}],"curies":[{"name":"wp","href":"https:\/\/api.w.org\/{rel}","templated":true}]}}