{"id":317178,"date":"2025-08-13T21:36:10","date_gmt":"2025-08-13T21:36:10","guid":{"rendered":"https:\/\/www.europesays.com\/fr\/317178\/"},"modified":"2025-08-13T21:36:10","modified_gmt":"2025-08-13T21:36:10","slug":"piliers-2023-relais-dinfluence-2024-adherents-lr-ou-encore-fichier-rose-contenant-des-centaines-de-noms-et-dindications-eric-ciotti-a-t-il-fiche-illegalement-des-citoyens","status":"publish","type":"post","link":"https:\/\/www.europesays.com\/fr\/317178\/","title":{"rendered":"\u00ab\u00a0Piliers 2023\u00a0\u00bb, \u00ab\u00a0relais d\u2019influence 2024\u00a0\u00bb, \u00ab\u00a0adh\u00e9rents LR\u00a0\u00bb ou encore \u00ab\u00a0fichier Rose\u00a0\u00bb contenant des centaines de noms et d\u2019indications: Eric Ciotti a-t-il fich\u00e9 ill\u00e9galement des citoyens?"},"content":{"rendered":"<p>Le d\u00e9put\u00e9 azur\u00e9en et \u00e9lu d\u00e9partemental UDR, \u00c9ric Ciotti, probable futur candidat \u00e0 la mairie de Nice, d\u00e9tient-il un fichier informatique &#8211; ou plut\u00f4t plusieurs fichiers &#8211; comportant des donn\u00e9es personnelles illicites et les utilise-t-il \u00e0 des fins \u00e9lectorales? C\u2019est ce que cherche \u00e0 d\u00e9terminer le parquet de Nice.<\/p>\n<p>Le procureur de la R\u00e9publique, Damien Martinelli, a ouvert, en mai dernier, une enqu\u00eate pr\u00e9liminaire du chef \u00ab\u00a0d\u2019enregistrement ou conservation de donn\u00e9es \u00e0 caract\u00e8re personnel sensibles sans le consentement des int\u00e9ress\u00e9s\u00a0\u00bb.<\/p>\n<p><strong>Des perquisitions<\/strong><\/p>\n<p><a href=\"https:\/\/www.nicematin.com\/faits-divers\/perquisition-au-conseil-departemental-des-alpes-maritimes-ce-mardi-eric-ciotti-vise-par-une-enquete-sur-des-fichiers-informatiques-troublants-997852\" rel=\"nofollow noopener\" target=\"_blank\">Mardi, des policiers du service interd\u00e9partemental de police judiciaire (SIPJ 06) ont investi des bureaux du conseil d\u00e9partemental des Alpes-Maritimes et proc\u00e9d\u00e9 \u00e0 des perquisitions<\/a>.<\/p>\n<p>Ils ont notamment visit\u00e9 le bureau du directeur g\u00e9n\u00e9ral des services du D\u00e9partement, puis ceux de deux collaborateurs parlementaires d\u2019\u00c9ric Ciotti, \u00e9galement employ\u00e9s de la collectivit\u00e9 azur\u00e9enne, d\u2019apr\u00e8s une source bien inform\u00e9e. Des donn\u00e9es informatiques ont \u00e9t\u00e9 saisies, a r\u00e9v\u00e9l\u00e9 le parquet.<\/p>\n<p>Selon nos informations, c\u2019est un article 40 dat\u00e9 du 16 mai dernier qui est \u00e0 l\u2019origine de ces investigations men\u00e9es par le parquet de Nice.<\/p>\n<p>Le signalement a \u00e9t\u00e9 r\u00e9dig\u00e9 par un citoyen qui souhaite garder l\u2019anonymat et qui demande, d\u2019ailleurs, le statut de lanceur d\u2019alerte. Selon l\u2019entourage d\u2019\u00c9ric Ciotti, il s\u2019agirait \u00ab\u00a0d\u2019un ancien proche qui a rejoint le camp Estrosi\u00a0\u00bb.<\/p>\n<p><strong>Des bureaux d\u2019assistants parlementaires visit\u00e9s<\/strong><\/p>\n<p>\u00ab\u00a0J\u2019ai eu connaissance de faits d\u2019une particuli\u00e8re gravit\u00e9\u00a0\u00bb, \u00e9crit ce \u00ab\u00a0lanceur d\u2019alerte\u00a0\u00bb. Avant de lister ces faits: \u00ab\u00a0La constitution d\u2019un fichier illicite de donn\u00e9es \u00e0 caract\u00e8re personnel sans base l\u00e9gale. (&#8230;) La collecte massive de donn\u00e9es dites sensibles au sens (&#8230;) de la loi: opinions politiques, appartenance religieuse, \u00e9tat de sant\u00e9. Et l\u2019usage potentiellement discriminatoire et politique de ces donn\u00e9es \u00e0 des fins personnelles et \u00e9lectorales\u00a0\u00bb.<\/p>\n<p>Et il n\u2019y va pas par quatre chemins. \u00ab\u00a0Ces faits ont \u00e9t\u00e9 commis par \u00c9ric Ciotti (&#8230;) dans le cadre de ses fonctions\u00a0\u00bb, poursuit le \u00ab\u00a0citoyen\u00a0\u00bb qui guide ensuite les enqu\u00eateurs en leur expliquant o\u00f9 ils pourront trouver les fichiers incrimin\u00e9s, citant m\u00eame des assistants du d\u00e9put\u00e9 azur\u00e9en susceptibles de les d\u00e9tenir.<\/p>\n<p>\u00ab\u00a0La nature m\u00eame de ces fichiers, leur contenu et leur usage potentiel soul\u00e8vent de graves atteintes \u00e0 la vie priv\u00e9e\u00a0\u00bb, \u00e9crit-il encore \u00e0 destination du procureur de la R\u00e9publique. \u00c0 qui il a adress\u00e9, confie-t-il, une cl\u00e9 USB contenant les fichiers.<\/p>\n<p>Et il ne s\u2019est pas content\u00e9 d\u2019alerter la justice. Le m\u00eame courrier a \u00e9t\u00e9 envoy\u00e9 \u00e0 la pr\u00e9sidente de la CNIL, la Commission nationale de l\u2019informatique et des libert\u00e9s.<\/p>\n<p><strong>Des fich\u00e9s connus et d\u2019autres inconnus<\/strong><\/p>\n<p>Dans ces diff\u00e9rents fichiers, que nous nous sommes procur\u00e9s, et nomm\u00e9s \u00ab\u00a0Piliers 2023\u00a0\u00bb, \u00ab\u00a0Relais d\u2019influence 2024\u00a0\u00bb, \u00ab\u00a0adh\u00e9rents LR 2022, 2023, 2024\u00a0\u00bb ou encore \u00ab\u00a0fichier Rose\u00a0\u00bb, sans que l\u2019on ne comprenne cette d\u00e9nomination, des centaines et des centaines de noms sont accompagn\u00e9s des coordonn\u00e9es de la personne et de certaines observations.<\/p>\n<p>Qui est pr\u00e9sident de comit\u00e9 de quartier et possible \u00ab\u00a0soutien d\u2019EC\u00a0\u00bb. Qui, encore, est pr\u00e9sident d\u2019un clos de boules et un relais pour faire des \u00ab\u00a0ap\u00e9ros\u00a0\u00bb en p\u00e9riode \u00e9lectorale. Certains \u00ab\u00a0fich\u00e9s\u00a0\u00bb sont de simples citoyens. D\u2019autres sont des \u00e9lus, des militants associatifs ou des avocats connus&#8230;<\/p>\n<p>Mais certaines donn\u00e9es apparaissent beaucoup plus personnelles comme l\u2019appartenance \u00e0 une communaut\u00e9 ou la religion. Il s\u2019agit de pr\u00e9sidents d\u2019associations juives, comme J\u00e9r\u00f4me Culioli, pr\u00e9sident du CRIF sud-est, le Conseil repr\u00e9sentatif des institutions juives de France.<\/p>\n<p>Ou de cur\u00e9s, comme Gil Florini, identifi\u00e9 comme \u00e9tant \u00ab\u00a0de confession chr\u00e9tienne\u00a0\u00bb. \u00ab\u00a0A aucun moment de simples \u00e9lecteurs ont \u00e9t\u00e9 r\u00e9pertori\u00e9s par leur religion ou leur communaut\u00e9\u00a0\u00bb, pr\u00e9cise un proche d\u2019\u00c9ric Ciotti qui souhaite garder l\u2019anonymat.<\/p>\n<p><strong>L\u2019article 226-19 du Code p\u00e9nal<\/strong><\/p>\n<p>Si la justice estime que des donn\u00e9es personnelles ont \u00e9t\u00e9 ind\u00fbment collect\u00e9es et utilis\u00e9es, cela pourrait tomber sous le coup de la loi.<\/p>\n<p>L\u2019article 226-19 du Code p\u00e9nal (1) r\u00e9prime la collecte illicite de donn\u00e9es \u00e0 caract\u00e8re personnel r\u00e9v\u00e9lant les origines raciales ou ethniques, les opinions politiques, les convictions religieuses ou philosophiques, ou l\u2019appartenance syndicale d\u2019une personne, ainsi que les donn\u00e9es relatives \u00e0 la sant\u00e9 ou \u00e0 la vie sexuelle.<\/p>\n<p>1. Le fait, hors les cas pr\u00e9vus par la loi, de mettre ou de conserver en m\u00e9moire informatis\u00e9e, sans l\u2019accord expr\u00e8s de l\u2019int\u00e9ress\u00e9, des donn\u00e9es nominatives qui, directement ou indirectement, font appara\u00eetre les origines raciales ou les opinions politiques, philosophiques ou religieuses ou les appartenances syndicales ou les m\u0153urs des personnes est puni de cinq ans d\u2019emprisonnement.<\/p>\n","protected":false},"excerpt":{"rendered":"Le d\u00e9put\u00e9 azur\u00e9en et \u00e9lu d\u00e9partemental UDR, \u00c9ric Ciotti, probable futur candidat \u00e0 la mairie de Nice, d\u00e9tient-il&hellip;\n","protected":false},"author":2,"featured_media":317179,"comment_status":"","ping_status":"","sticky":false,"template":"","format":"standard","meta":{"footnotes":""},"categories":[4],"tags":[11,1011,27,303,12,316,25],"class_list":{"0":"post-317178","1":"post","2":"type-post","3":"status-publish","4":"format-standard","5":"has-post-thumbnail","7":"category-france","8":"tag-actualites","9":"tag-fr","10":"tag-france","11":"tag-justice","12":"tag-news","13":"tag-politique","14":"tag-republique-francaise"},"share_on_mastodon":{"url":"","error":""},"_links":{"self":[{"href":"https:\/\/www.europesays.com\/fr\/wp-json\/wp\/v2\/posts\/317178","targetHints":{"allow":["GET"]}}],"collection":[{"href":"https:\/\/www.europesays.com\/fr\/wp-json\/wp\/v2\/posts"}],"about":[{"href":"https:\/\/www.europesays.com\/fr\/wp-json\/wp\/v2\/types\/post"}],"author":[{"embeddable":true,"href":"https:\/\/www.europesays.com\/fr\/wp-json\/wp\/v2\/users\/2"}],"replies":[{"embeddable":true,"href":"https:\/\/www.europesays.com\/fr\/wp-json\/wp\/v2\/comments?post=317178"}],"version-history":[{"count":0,"href":"https:\/\/www.europesays.com\/fr\/wp-json\/wp\/v2\/posts\/317178\/revisions"}],"wp:featuredmedia":[{"embeddable":true,"href":"https:\/\/www.europesays.com\/fr\/wp-json\/wp\/v2\/media\/317179"}],"wp:attachment":[{"href":"https:\/\/www.europesays.com\/fr\/wp-json\/wp\/v2\/media?parent=317178"}],"wp:term":[{"taxonomy":"category","embeddable":true,"href":"https:\/\/www.europesays.com\/fr\/wp-json\/wp\/v2\/categories?post=317178"},{"taxonomy":"post_tag","embeddable":true,"href":"https:\/\/www.europesays.com\/fr\/wp-json\/wp\/v2\/tags?post=317178"}],"curies":[{"name":"wp","href":"https:\/\/api.w.org\/{rel}","templated":true}]}}