{"id":317186,"date":"2025-08-13T21:43:11","date_gmt":"2025-08-13T21:43:11","guid":{"rendered":"https:\/\/www.europesays.com\/fr\/317186\/"},"modified":"2025-08-13T21:43:11","modified_gmt":"2025-08-13T21:43:11","slug":"une-incroyable-aventure-humaine-ce-toulonnais-a-traverse-la-france-a-pied-pour-les-enfants-malades","status":"publish","type":"post","link":"https:\/\/www.europesays.com\/fr\/317186\/","title":{"rendered":"\u00ab\u00a0Une incroyable aventure humaine\u00a0\u00bb: ce Toulonnais a travers\u00e9 la France \u00e0 pied pour les enfants malades"},"content":{"rendered":"<p>M\u00eame pas essouffl\u00e9. H\u00e2l\u00e9 par le soleil, avec une exactitude qui force l\u2019exemple, il est arriv\u00e9 mardi \u00e0 17h15 pr\u00e9cise. L\u2019heure annonc\u00e9e. Arrivant de Cuges-les-Pins, achevant devant le snack-bar La Pyro, \u00e0 La Seyne, son g\u00e9n\u00e9reux p\u00e9riple \u00ab\u00a01.000 kilom\u00e8tres \u00e0 pied pour les r\u00eaves des enfants\u00a0\u00bb parcourus \u00e0 la force des jarrets, du 14 juillet au 12 ao\u00fbt, au profit de l\u2019association Petits Princes (1).<\/p>\n<p>Applaudi par ses amis qui lui ont form\u00e9 un joyeux comit\u00e9 d\u2019accueil, accompagn\u00e9s par quatre autres qui l\u2019avait rejoint huit jours avant \u00e0 Valence, le Toulonnais Jessy Lemaire, 31 ans, sous-officier dans l\u2019arm\u00e9e de terre, son gros sac \u00e0 dos rouge toujours sur le dos, a improvis\u00e9 un discours.<\/p>\n<p>\u00ab\u00a0J\u2019ai v\u00e9cu une incroyable aventure humaine\u00a0\u00bb<\/p>\n<p>\u00ab\u00a0Pourquoi, j\u2019ai choisi l\u2019association Petits Princes qui r\u00e9alise les r\u00eaves d\u2019enfants et d\u2019adolescents gravement malades, alors que je n\u2019ai pas de gamin et n\u2019ai jamais \u00e9t\u00e9 touch\u00e9 par la maladie? s\u2019est-il interrog\u00e9. J\u2019ai eu beaucoup de chance dans la vie, mais autour de moi, il s\u2019est pass\u00e9 beaucoup d\u2019\u00e9v\u00e9nements\u2026 Il y a quelques ann\u00e9es, un adjudant a perdu son fils au r\u00e9giment, \u00e7a m\u2019avait particuli\u00e8rement touch\u00e9. On ne sait pas quoi faire \u00e0 ce moment-l\u00e0. Il y a un an ou deux, je suis sorti avec une fille, une amie tr\u00e8s proche dont le fils est tomb\u00e9 gravement malade et tout r\u00e9cemment des amis de mes parents ont perdu leur fils\u2026\u00a0\u00bb<\/p>\n<p>Et de motiver son action: \u00ab\u00a0Je pense qu\u2019on a tous beaucoup de chance de vivre dans une bulle de positivit\u00e9; la mis\u00e8re, on ne veut pas trop la voir. Je pense qu\u2019il faut se remettre en question. \u00c0 chaque pas, v\u00e9cu comme une mis\u00e8re, je pensais \u00e0 ceux qui, dans la peine, paieraient n\u2019importe quoi pour mon ressenti. Donc voil\u00e0, j\u2019ai v\u00e9cu une incroyable aventure humaine\u00a0\u00bb.<\/p>\n<p>\u00ab\u00a030 \u00e0 40 kilom\u00e8tres de marche, 10 heures par jour\u00a0\u00bb<\/p>\n<p>Passionn\u00e9 par les d\u00e9fis d\u2019endurance, Jessy Lemaire qui compte notamment \u00e0 son actif la travers\u00e9e de la Suisse \u00e0 pied; un Marseille \u2013 Paris en sept jours \u00e0 v\u00e9lo, ou encore une travers\u00e9e de la France \u00e0 v\u00e9lo, de Dunkerque \u00e0 Hendaye, est donc parti de Lille, sur ses jours de vacances. Une ville \u00ab\u00a0qui repr\u00e9sentait bien pour moi le nord de la France\u00a0\u00bb, indique le trentenaire originaire de la Marne, o\u00f9 il a v\u00e9cu \u00ab\u00a0une tr\u00e8s belle \u00e9tape\u00a0\u00bb.<\/p>\n<p>Pas de temps mort. \u00ab\u00a0D\u00e8s ma sortie du train \u00e0 15 heures, le 14 juillet \u00e0 la gare de Lille-Europe, j\u2019ai commenc\u00e9 mon parcours au rythme quotidien de 30 \u00e0 40km de marche. Dix heures par jour. Je m\u2019arr\u00eatais \u00e0 la nuit et repartais le matin \u00e0 7 heures. \u00c7a a \u00e9t\u00e9 dur pendant dix jours, je suis mont\u00e9 \u00e0 quatorze ampoules aux pieds les sept premiers jours\u00a0\u00bb, glisse-t-il. Choisissant des chemins de traverse s\u00e9curis\u00e9s, de randonn\u00e9e le plus souvent, le marcheur de la g\u00e9n\u00e9rosit\u00e9 dormait soit en bivouaquant \u2013 \u00ab\u00a0Le premier soir j\u2019ai dormi au milieu d\u2019un champ\u00a0\u00bb \u2013 soit en comptant sur la g\u00e9n\u00e9rosit\u00e9 des habitants crois\u00e9s sur son passage. Beaucoup lui ont propos\u00e9 qui un lit, qui une douche\u2026<\/p>\n<p>\u00ab\u00a0Tous les soirs, dans les bars o\u00f9 je posais mon sac, j\u2019ai fait de belles rencontres. Beaucoup m\u2019ont interrog\u00e9 sur ma d\u00e9marche ou scannaient le gros QR code accroch\u00e9s \u00e0 mon sac \u00e0 dos renvoyant \u00e0 l\u2019appel aux dons publi\u00e9 en ligne\u00a0\u00bb, explique-t-il.<\/p>\n<p>Des foul\u00e9es partag\u00e9es\u2026<\/p>\n<p>              <img ci-src=\"https:\/\/www.varmatin.com\/belle-histoire\/protec\/DATA_ART_16071745-I2Oj3MGW.jpg?vh=e4bf8e&amp;ci_seal=e5d9e2bed1\" alt=\"\"\/><br \/>\n        L\u2019arriv\u00e9e, enfin, devant le snack-bar La Pyro, mardi \u00e0 17 h 15. Photo J. -M. V. <\/p>\n<p>Ses foul\u00e9es ont \u00e9t\u00e9 parfois partag\u00e9es. \u00ab\u00a0Sept personnes ont march\u00e9 avec moi: mon cousin pendant deux jours dans le Nord; une amie a fait une \u00e9tape avec moi \u00e0 Lyon et quatre copains qui m\u2019ont rejoint \u00e0 Valence\u00a0\u00bb, \u00e9num\u00e8re-t-il. En compagnie de ces derniers, il a brav\u00e9 le retour de la canicule avec \u00ab\u00a0arr\u00eat tous les 5 kilom\u00e8tres pour remplir les bouteilles d\u2019eau. On a bu 5 \u00e0 6 litres par jour\u00a0\u00bb. Et bien s\u00fbr, durant sa longue marche, v\u00e9cue avec introspection, Jessy Lemaire a song\u00e9 \u00e0 son prochain d\u00e9fi. Il n\u2019en dira pas plus.<\/p>\n<p>1. La cagnotte \u00ab\u00a01.000 kilom\u00e8tres \u00e0 pied pour les r\u00eaves des enfants\u00a0\u00bb sur collecter.petitsprinces.com a r\u00e9uni 4.335 euros de dons. Elle est toujours ouverte. Le snack-bar La Pyro l\u2019a aliment\u00e9 en reversant une demi-heure de recettes, mardi apr\u00e8s-midi.<\/p>\n","protected":false},"excerpt":{"rendered":"M\u00eame pas essouffl\u00e9. H\u00e2l\u00e9 par le soleil, avec une exactitude qui force l\u2019exemple, il est arriv\u00e9 mardi \u00e0&hellip;\n","protected":false},"author":2,"featured_media":317187,"comment_status":"","ping_status":"","sticky":false,"template":"","format":"standard","meta":{"footnotes":""},"categories":[9619],"tags":[1111,11,11130,1777,674,1011,27,12,882,25,2310],"class_list":{"0":"post-317186","1":"post","2":"type-post","3":"status-publish","4":"format-standard","5":"has-post-thumbnail","7":"category-toulon","8":"tag-actu","9":"tag-actualites","10":"tag-belle-histoire","11":"tag-eu","12":"tag-europe","13":"tag-fr","14":"tag-france","15":"tag-news","16":"tag-provence-alpes-cote-dazur","17":"tag-republique-francaise","18":"tag-toulon"},"share_on_mastodon":{"url":"https:\/\/pubeurope.com\/@fr\/115023642871010954","error":""},"_links":{"self":[{"href":"https:\/\/www.europesays.com\/fr\/wp-json\/wp\/v2\/posts\/317186","targetHints":{"allow":["GET"]}}],"collection":[{"href":"https:\/\/www.europesays.com\/fr\/wp-json\/wp\/v2\/posts"}],"about":[{"href":"https:\/\/www.europesays.com\/fr\/wp-json\/wp\/v2\/types\/post"}],"author":[{"embeddable":true,"href":"https:\/\/www.europesays.com\/fr\/wp-json\/wp\/v2\/users\/2"}],"replies":[{"embeddable":true,"href":"https:\/\/www.europesays.com\/fr\/wp-json\/wp\/v2\/comments?post=317186"}],"version-history":[{"count":0,"href":"https:\/\/www.europesays.com\/fr\/wp-json\/wp\/v2\/posts\/317186\/revisions"}],"wp:featuredmedia":[{"embeddable":true,"href":"https:\/\/www.europesays.com\/fr\/wp-json\/wp\/v2\/media\/317187"}],"wp:attachment":[{"href":"https:\/\/www.europesays.com\/fr\/wp-json\/wp\/v2\/media?parent=317186"}],"wp:term":[{"taxonomy":"category","embeddable":true,"href":"https:\/\/www.europesays.com\/fr\/wp-json\/wp\/v2\/categories?post=317186"},{"taxonomy":"post_tag","embeddable":true,"href":"https:\/\/www.europesays.com\/fr\/wp-json\/wp\/v2\/tags?post=317186"}],"curies":[{"name":"wp","href":"https:\/\/api.w.org\/{rel}","templated":true}]}}