{"id":317188,"date":"2025-08-13T21:44:14","date_gmt":"2025-08-13T21:44:14","guid":{"rendered":"https:\/\/www.europesays.com\/fr\/317188\/"},"modified":"2025-08-13T21:44:14","modified_gmt":"2025-08-13T21:44:14","slug":"ex-candidat-a-la-mairie-de-toulon-poursuivi-pour-escroqueries-eddie-goujit-a-ete-mis-en-examen-et-place-en-detention-provisoire","status":"publish","type":"post","link":"https:\/\/www.europesays.com\/fr\/317188\/","title":{"rendered":"Ex-candidat \u00e0 la mairie de Toulon poursuivi pour escroqueries, Eddie Goujit a \u00e9t\u00e9 mis en examen et plac\u00e9 en d\u00e9tention provisoire"},"content":{"rendered":"<p>Il \u00e9tait recherch\u00e9 par la police depuis plusieurs mois. Eddie Goujit a finalement \u00e9t\u00e9 rattrap\u00e9 par toutes les plaintes pour escroquerie dont il faisait l\u2019objet. Le jeune homme de 18 ans, qui s\u2019est fait conna\u00eetre pour s\u2019\u00eatre fait passer entre autres pour \u00e9lu de la R\u00e9gion, un collaborateur de Jos\u00e9e Massi, le fils de Michel Bonnus ou encore le petit-fils d\u2019Hubert Falco, a \u00e9t\u00e9 appr\u00e9hend\u00e9 lundi par les gendarmes \u00e0 Bourg-Saint-And\u00e9ol en Ard\u00e8che.<\/p>\n<p><a href=\"https:\/\/www.varmatin.com\/politique\/comment-eddie-goujit-sest-lance-dans-la-campagne-des-municipales-2026-a-toulon-malgre-les-plaintes-deposees-contre-lui-977538\" rel=\"nofollow noopener\" target=\"_blank\">Ex-candidat \u00e0 la mairie de Toulon<\/a>, Eddie Goujit travaillait en tant que saisonnier dans un camping en Ard\u00e8che, o\u00f9 il a une nouvelle fois s\u00e9vi, comme nous le relatait la g\u00e9rante de l\u2019\u00e9tablissement (lire nos \u00e9ditions d\u2019hier).<\/p>\n<p>Le faux \u00e9lu de la R\u00e9gion a donc a \u00e9t\u00e9 \u00ab\u00a0mis en examen des chefs de faux et usage de faux, usurpation de titres, tentatives d\u2019escroqueries, escroqueries, vols commis entre f\u00e9vrier 2023 et juillet 2025\u00a0\u00bb, comme le confirme \u00e0 Var-matin Laurent Robert, procureur adjoint au parquet de Toulon. Eddie Goujit a \u00e9t\u00e9 plac\u00e9 en d\u00e9tention provisoire par le juge des libert\u00e9s et de la d\u00e9tention.<\/p>\n","protected":false},"excerpt":{"rendered":"Il \u00e9tait recherch\u00e9 par la police depuis plusieurs mois. Eddie Goujit a finalement \u00e9t\u00e9 rattrap\u00e9 par toutes les&hellip;\n","protected":false},"author":2,"featured_media":317189,"comment_status":"","ping_status":"","sticky":false,"template":"","format":"standard","meta":{"footnotes":""},"categories":[9619],"tags":[1111,11,1777,674,118,1011,27,12,882,25,2310],"class_list":{"0":"post-317188","1":"post","2":"type-post","3":"status-publish","4":"format-standard","5":"has-post-thumbnail","7":"category-toulon","8":"tag-actu","9":"tag-actualites","10":"tag-eu","11":"tag-europe","12":"tag-faits-divers","13":"tag-fr","14":"tag-france","15":"tag-news","16":"tag-provence-alpes-cote-dazur","17":"tag-republique-francaise","18":"tag-toulon"},"share_on_mastodon":{"url":"https:\/\/pubeurope.com\/@fr\/115023646792094410","error":""},"_links":{"self":[{"href":"https:\/\/www.europesays.com\/fr\/wp-json\/wp\/v2\/posts\/317188","targetHints":{"allow":["GET"]}}],"collection":[{"href":"https:\/\/www.europesays.com\/fr\/wp-json\/wp\/v2\/posts"}],"about":[{"href":"https:\/\/www.europesays.com\/fr\/wp-json\/wp\/v2\/types\/post"}],"author":[{"embeddable":true,"href":"https:\/\/www.europesays.com\/fr\/wp-json\/wp\/v2\/users\/2"}],"replies":[{"embeddable":true,"href":"https:\/\/www.europesays.com\/fr\/wp-json\/wp\/v2\/comments?post=317188"}],"version-history":[{"count":0,"href":"https:\/\/www.europesays.com\/fr\/wp-json\/wp\/v2\/posts\/317188\/revisions"}],"wp:featuredmedia":[{"embeddable":true,"href":"https:\/\/www.europesays.com\/fr\/wp-json\/wp\/v2\/media\/317189"}],"wp:attachment":[{"href":"https:\/\/www.europesays.com\/fr\/wp-json\/wp\/v2\/media?parent=317188"}],"wp:term":[{"taxonomy":"category","embeddable":true,"href":"https:\/\/www.europesays.com\/fr\/wp-json\/wp\/v2\/categories?post=317188"},{"taxonomy":"post_tag","embeddable":true,"href":"https:\/\/www.europesays.com\/fr\/wp-json\/wp\/v2\/tags?post=317188"}],"curies":[{"name":"wp","href":"https:\/\/api.w.org\/{rel}","templated":true}]}}