{"id":31719,"date":"2025-04-17T13:05:09","date_gmt":"2025-04-17T13:05:09","guid":{"rendered":"https:\/\/www.europesays.com\/fr\/31719\/"},"modified":"2025-04-17T13:05:09","modified_gmt":"2025-04-17T13:05:09","slug":"le-lanceur-du-bidon-ayant-heurte-van-der-poel-assume-un-geste-stupide-et-dangereux","status":"publish","type":"post","link":"https:\/\/www.europesays.com\/fr\/31719\/","title":{"rendered":"Le lanceur du bidon ayant heurt\u00e9 Van der Poel assume \u00ab\u00a0un geste stupide et dangereux\u00a0\u00bb"},"content":{"rendered":"<p>C\u2019\u00e9tait LA fausse note majeure d\u2019un <a href=\"https:\/\/www.20minutes.fr\/dossier\/paris-roubaix\" class=\"color-ultramarine c-link\" rel=\"nofollow noopener\" target=\"_blank\">Paris-Roubaix<\/a> \u00e9pique, marqu\u00e9 dimanche par le passionnant duel entre <a href=\"https:\/\/www.20minutes.fr\/sport\/mathieu-van-der-poel\/\" class=\"color-ultramarine c-link\" rel=\"nofollow noopener\" target=\"_blank\">Mathieu Van Der Poel<\/a> et <a href=\"https:\/\/www.20minutes.fr\/sport\/tadej-pogacar\/\" class=\"color-ultramarine c-link\" rel=\"nofollow noopener\" target=\"_blank\">Tadej Pogacar<\/a>. Le spectateur ayant <a href=\"https:\/\/www.20minutes.fr\/sport\/cyclisme\/paris-roubaix\/4148531-20250414-paris-roubaix-auteur-affreux-jet-bidon-mathieu-van-der-poel-presente-police-belgique\" class=\"color-ultramarine c-link\" rel=\"nofollow noopener\" target=\"_blank\">lanc\u00e9 un bidon au visage du N\u00e9erlandais<\/a> dans le final de l\u2019\u00e9preuve s\u2019est \u00ab\u00a0excus\u00e9\u00a0\u00bb par \u00e9crit aupr\u00e8s du vainqueur de la Reine des classiques, comme le r\u00e9v\u00e8le ce mercredi le journal belge Het Laatse Nieuws.<\/p>\n<p>\u00ab\u00a0Je suis tellement heureux qu\u2019il ait franchi la ligne d\u2019arriv\u00e9e en premier dimanche, malgr\u00e9 mon geste stupide, indique ce Belge de 28 ans. Mais en m\u00eame temps, je me rends compte que je dois m\u2019excuser aupr\u00e8s de tous les coureurs et de tous les fans de course.\u00a0\u00bb Et comment\u2026<\/p>\n<p class=\"mb-m@xs text-l@xs\">En cliquant sur\u00ab J\u2019accepte \u00bb, vous acceptez le d\u00e9p\u00f4t de cookies par des services externes et aurez ainsi acc\u00e8s aux contenus de nos partenaires.<\/p>\n<p class=\"mb-xl@xs text-s@xs\">Plus d\u2019informations sur la page<a href=\"https:\/\/www.20minutes.fr\/gestion-cookies\" class=\"mx-xxs@xs color-ultramarine\" rel=\"nofollow noopener\" target=\"_blank\">Politique de gestion des cookies<\/a><\/p>\n<p>J\u2019accepteL\u2019homme reconna\u00eet avoir \u00ab\u00a0beaucoup bu\u00a0\u00bb<\/p>\n<p>L\u2019homme originaire de Waregem poursuit en revenant sur les circonstances\u00a0: \u00ab\u00a0Un bidon d\u2019eau \u00e9tait dans l\u2019herbe. Je l\u2019ai ramass\u00e9 et je l\u2019ai lanc\u00e9 quand il est pass\u00e9. Sans r\u00e9fl\u00e9chir. Au bout d\u2019une demi-seconde, j\u2019ai r\u00e9alis\u00e9 \u00e0 quel point c\u2019\u00e9tait stupide et dangereux. J\u2019ai \u00e9t\u00e9 tr\u00e8s g\u00ean\u00e9 pendant des jours\u00a0\u00bb.<\/p>\n<p>Il reconna\u00eet avoir \u00ab\u00a0beaucoup bu\u00a0\u00bb durant la journ\u00e9e. L\u2019\u00e9quipe Alpecin-Deceuninck a annonc\u00e9 lundi qu\u2019elle allait porter plainte contre ce spectateur, qui s\u2019\u00e9tait rendu de lui-m\u00eame dans un commissariat belge apr\u00e8s la course. L\u2019<a href=\"https:\/\/www.20minutes.fr\/sport\/uci\/\" class=\"color-ultramarine c-link\" rel=\"nofollow noopener\" target=\"_blank\">Union cycliste internationale (UCI)<\/a> envisage \u00e9galement de se joindre \u00e0 la plainte. Le parquet de <a href=\"https:\/\/www.20minutes.fr\/lille\/\" class=\"color-ultramarine c-link\" rel=\"nofollow noopener\" target=\"_blank\">Lille<\/a> a aussi ouvert une enqu\u00eate sur cet incident survenu dans le secteur pav\u00e9 de Templeuve, \u00e0 environ 33 kilom\u00e8tres de l\u2019arriv\u00e9e \u00e0 Roubaix.<\/p>\n<\/p>\n<p>L\u2019auteur du crachat lors de l&rsquo;E3 Classic sanctionn\u00e9<\/p>\n<p>\u00ab\u00a0C\u2019est inacceptable. C\u2019\u00e9tait un bidon plein, il pesait un demi-kilo et je roulais \u00e0 40 km\/h. C\u2019est comme recevoir une pierre dans la figure. \u00c7a m\u2019a fait tr\u00e8s mal. J\u2019esp\u00e8re que nous pourrons identifier le spectateur et engager des poursuites\u00a0\u00bb, avait d\u00e9clar\u00e9 Mathieu Van der Poel dimanche apr\u00e8s <a href=\"https:\/\/www.20minutes.fr\/sport\/cyclisme\/4148203-20250413-direct-paris-roubaix-2025-tadej-pogacar-face-maitres-paves-pluie-magnifier-spectacle-suivez-course\" class=\"color-ultramarine c-link\" rel=\"nofollow noopener\" target=\"_blank\">son troisi\u00e8me sacre sur Paris-Roubaix<\/a>. Le spectateur s\u2019est d\u00e9fendu d\u2019\u00eatre un supporteur de <a href=\"https:\/\/www.20minutes.fr\/sport\/wout-van-aert\/\" class=\"color-ultramarine c-link\" rel=\"nofollow noopener\" target=\"_blank\">Wout Van Aert<\/a>, rival majeur de \u00ab\u00a0MVDP\u00a0\u00bb, assurant qu\u2019il n\u2019avait pas eu l\u2019intention de faire perdre le N\u00e9erlandais.<\/p>\n<p><a href=\"https:\/\/www.20minutes.fr\/dossier\/paris-roubaix\" class=\"c-link c-btn c-btn--primary\" rel=\"nofollow noopener\" target=\"_blank\">Notre dossier sur Paris-Roubaix<\/a><\/p>\n<p>\u00ab\u00a0Je n\u2019ai pas de coureur pr\u00e9f\u00e9r\u00e9\u00a0\u00bb, pr\u00e9cise-t-il. Le champion du monde\u00a02023 avait d\u00e9j\u00e0 \u00e9t\u00e9 vis\u00e9 par des crachats sur d\u2019autres courses, notamment lors de l&rsquo;E3 Classic en mars. Le spectateur auteur de ce crachat a \u00e9t\u00e9 identifi\u00e9 mardi par la police belge gr\u00e2ce aux images de la t\u00e9l\u00e9vision. Il sera sanctionn\u00e9 d\u2019une amende administrative pouvant atteindre 350 euros.<\/p>\n","protected":false},"excerpt":{"rendered":"C\u2019\u00e9tait LA fausse note majeure d\u2019un Paris-Roubaix \u00e9pique, marqu\u00e9 dimanche par le passionnant duel entre Mathieu Van Der&hellip;\n","protected":false},"author":2,"featured_media":31720,"comment_status":"","ping_status":"","sticky":false,"template":"","format":"standard","meta":{"footnotes":""},"categories":[1411],"tags":[828,1154,207,1011,27,811,303,1307,4385,1308,1309,1656,517,60,212],"class_list":{"0":"post-31719","1":"post","2":"type-post","3":"status-publish","4":"format-standard","5":"has-post-thumbnail","7":"category-cyclisme","8":"tag-belgique","9":"tag-cycling","10":"tag-cyclisme","11":"tag-fr","12":"tag-france","13":"tag-hauts-de-france","14":"tag-justice","15":"tag-lille","16":"tag-mathieu-van-der-poel","17":"tag-nord","18":"tag-nord-pas-de-calais","19":"tag-paris-roubaix","20":"tag-sport","21":"tag-sports","22":"tag-uci"},"share_on_mastodon":{"url":"https:\/\/pubeurope.com\/@fr\/114353453446209576","error":""},"_links":{"self":[{"href":"https:\/\/www.europesays.com\/fr\/wp-json\/wp\/v2\/posts\/31719","targetHints":{"allow":["GET"]}}],"collection":[{"href":"https:\/\/www.europesays.com\/fr\/wp-json\/wp\/v2\/posts"}],"about":[{"href":"https:\/\/www.europesays.com\/fr\/wp-json\/wp\/v2\/types\/post"}],"author":[{"embeddable":true,"href":"https:\/\/www.europesays.com\/fr\/wp-json\/wp\/v2\/users\/2"}],"replies":[{"embeddable":true,"href":"https:\/\/www.europesays.com\/fr\/wp-json\/wp\/v2\/comments?post=31719"}],"version-history":[{"count":0,"href":"https:\/\/www.europesays.com\/fr\/wp-json\/wp\/v2\/posts\/31719\/revisions"}],"wp:featuredmedia":[{"embeddable":true,"href":"https:\/\/www.europesays.com\/fr\/wp-json\/wp\/v2\/media\/31720"}],"wp:attachment":[{"href":"https:\/\/www.europesays.com\/fr\/wp-json\/wp\/v2\/media?parent=31719"}],"wp:term":[{"taxonomy":"category","embeddable":true,"href":"https:\/\/www.europesays.com\/fr\/wp-json\/wp\/v2\/categories?post=31719"},{"taxonomy":"post_tag","embeddable":true,"href":"https:\/\/www.europesays.com\/fr\/wp-json\/wp\/v2\/tags?post=31719"}],"curies":[{"name":"wp","href":"https:\/\/api.w.org\/{rel}","templated":true}]}}