{"id":317192,"date":"2025-08-13T21:46:15","date_gmt":"2025-08-13T21:46:15","guid":{"rendered":"https:\/\/www.europesays.com\/fr\/317192\/"},"modified":"2025-08-13T21:46:15","modified_gmt":"2025-08-13T21:46:15","slug":"12-kilos-de-cocaine-et-un-arsenal-que-cachait-cet-appartement-vide","status":"publish","type":"post","link":"https:\/\/www.europesays.com\/fr\/317192\/","title":{"rendered":"12 kilos de coca\u00efne et un arsenal, que cachait cet appartement vide\u00a0?"},"content":{"rendered":"<p>            Par<br \/>\n        <strong><br \/>\n            <a href=\"https:\/\/actu.fr\/auteur\/lea-pippinato\" title=\"Consulter tous les articles de L\u00e9a Pippinato\" rel=\"nofollow noopener\" target=\"_blank\">L\u00e9a Pippinato<\/a><br \/>\n        <\/strong><\/p>\n<p>        Publi\u00e9 le<\/p>\n<p>            13 ao\u00fbt 2025 \u00e0 18h32        <\/p>\n<p><strong>Ce mercredi 13 ao\u00fbt 2025<\/strong>, vers 9h30, une vaste op\u00e9ration de police a \u00e9t\u00e9 lanc\u00e9e dans le quartier des Marels, \u00e0 Montpellier. Ce secteur est connu comme l\u2019un des points strat\u00e9giques du trafic de drogue dans la ville. Les effectifs de la s\u00e9curit\u00e9 publique ont men\u00e9 l\u2019intervention, avec l\u2019appui d\u2019une compagnie de CRS venue de Montauban.<\/p>\n<p>    <a href=\"https:\/\/www.google.com\/maps\/embed?pb=!1m18!1m12!1m3!1d23114.090373704526!2d3.8338559999999995!3d43.6011008!2m3!1f0!2f0!3f0!3m2!1i1024!2i768!4f13.1!3m3!1m2!1s0x12b6a5bd669594c3%3A0xbe3197f5469c672c!2sRue%20des%20Marels%2C%2034000!5e0!3m2!1sfr!2sfr!4v1755101538150!5m2!1sfr!2sfr\" title=\"Ouvrie le lien\" rel=\"nofollow noopener\" target=\"_blank\">Cliquez ici pour visualiser le contenu<\/a><\/p>\n<p class=\" wall-content\">\u00c0 leur arriv\u00e9e, les forces de l\u2019ordre ont trouv\u00e9 des barri\u00e8res et divers objets destin\u00e9s \u00e0 freiner leur progression. Ces obstacles n\u2019ont pas emp\u00each\u00e9 la colonne d\u2019avancer. Les policiers nationaux \u00e9taient accompagn\u00e9s d\u2019un chien dress\u00e9 pour d\u00e9tecter les stup\u00e9fiants. L\u2019animal a marqu\u00e9 devant trois habitations. Les deux premi\u00e8res perquisitions n\u2019ont donn\u00e9 aucun r\u00e9sultat. La troisi\u00e8me a r\u00e9v\u00e9l\u00e9 un arsenal impressionnant dans un logement vide.<\/p>\n<p>Un stock d\u2019armes et de munitions<\/p>\n<p class=\" wall-content\">Les policiers y ont trouv\u00e9 cinq armes longues, dont un fusil semi-automatique, un fusil \u00e0 pompe et une carabine. Sept armes de poing compl\u00e9taient la d\u00e9couverte, avec notamment un pistolet \u00e9quip\u00e9 d\u2019un silencieux. Plusieurs centaines de munitions de calibres vari\u00e9s, dont du 9 mm, \u00e9taient \u00e9galement entrepos\u00e9es. Dans un coffre, les enqu\u00eateurs ont d\u00e9couvert plus de douze kilos de coca\u00efne. La valeur marchande est estim\u00e9e \u00e0 environ 750 000 euros. Aucune personne n\u2019a \u00e9t\u00e9 interpell\u00e9e dans le logement.\u00a0<\/p>\n<p class=\" wall-content\">Au m\u00eame moment, deux individus ont \u00e9t\u00e9 contr\u00f4l\u00e9s \u00e0 bord d\u2019un v\u00e9hicule non loin des lieux. Ils avaient sur eux une savonnette de r\u00e9sine de cannabis, une arme blanche et une somme d\u2019argent. Selon les premiers \u00e9l\u00e9ments de l\u2019enqu\u00eate, ils n\u2019auraient aucun lien avec l\u2019appartement perquisitionn\u00e9.<\/p>\n<p>Vid\u00e9os : en ce moment sur Actu<\/p>\n<p class=\" wall-content\">Suivez toute l\u2019actualit\u00e9 de vos villes et m\u00e9dias favoris en vous inscrivant \u00e0 <a href=\"https:\/\/moncompte.actu.fr\" title=\"D\u00e9couvez Mon Actu\" rel=\"nofollow noopener\" data-trk=\"{&quot;cta&quot;:{&quot;action&quot;:&quot;https:\\\/\\\/moncompte.actu.fr&quot;,&quot;category&quot;:&quot;mon compte&quot;,&quot;from&quot;:&quot;article footer&quot;,&quot;name&quot;:&quot;Mon actu&quot;,&quot;type&quot;:&quot;cta&quot;}}\" target=\"_blank\">Mon Actu<\/a>.<\/p>\n","protected":false},"excerpt":{"rendered":"Par L\u00e9a Pippinato Publi\u00e9 le 13 ao\u00fbt 2025 \u00e0 18h32 Ce mercredi 13 ao\u00fbt 2025, vers 9h30, une&hellip;\n","protected":false},"author":2,"featured_media":317193,"comment_status":"","ping_status":"","sticky":false,"template":"","format":"standard","meta":{"footnotes":""},"categories":[9599],"tags":[1111,11,1261,1052,1777,674,118,1011,27,2208,12,2680,1072,25],"class_list":{"0":"post-317192","1":"post","2":"type-post","3":"status-publish","4":"format-standard","5":"has-post-thumbnail","7":"category-montpellier","8":"tag-actu","9":"tag-actualites","10":"tag-argent","11":"tag-drogue","12":"tag-eu","13":"tag-europe","14":"tag-faits-divers","15":"tag-fr","16":"tag-france","17":"tag-montpellier","18":"tag-news","19":"tag-occitanie","20":"tag-police","21":"tag-republique-francaise"},"share_on_mastodon":{"url":"https:\/\/pubeurope.com\/@fr\/115023654645236507","error":""},"_links":{"self":[{"href":"https:\/\/www.europesays.com\/fr\/wp-json\/wp\/v2\/posts\/317192","targetHints":{"allow":["GET"]}}],"collection":[{"href":"https:\/\/www.europesays.com\/fr\/wp-json\/wp\/v2\/posts"}],"about":[{"href":"https:\/\/www.europesays.com\/fr\/wp-json\/wp\/v2\/types\/post"}],"author":[{"embeddable":true,"href":"https:\/\/www.europesays.com\/fr\/wp-json\/wp\/v2\/users\/2"}],"replies":[{"embeddable":true,"href":"https:\/\/www.europesays.com\/fr\/wp-json\/wp\/v2\/comments?post=317192"}],"version-history":[{"count":0,"href":"https:\/\/www.europesays.com\/fr\/wp-json\/wp\/v2\/posts\/317192\/revisions"}],"wp:featuredmedia":[{"embeddable":true,"href":"https:\/\/www.europesays.com\/fr\/wp-json\/wp\/v2\/media\/317193"}],"wp:attachment":[{"href":"https:\/\/www.europesays.com\/fr\/wp-json\/wp\/v2\/media?parent=317192"}],"wp:term":[{"taxonomy":"category","embeddable":true,"href":"https:\/\/www.europesays.com\/fr\/wp-json\/wp\/v2\/categories?post=317192"},{"taxonomy":"post_tag","embeddable":true,"href":"https:\/\/www.europesays.com\/fr\/wp-json\/wp\/v2\/tags?post=317192"}],"curies":[{"name":"wp","href":"https:\/\/api.w.org\/{rel}","templated":true}]}}