{"id":317194,"date":"2025-08-13T21:50:34","date_gmt":"2025-08-13T21:50:34","guid":{"rendered":"https:\/\/www.europesays.com\/fr\/317194\/"},"modified":"2025-08-13T21:50:34","modified_gmt":"2025-08-13T21:50:34","slug":"pro-d2-le-fidjien-josh-thompson-debarque-au-fcg-pour-renforcer-le-pack","status":"publish","type":"post","link":"https:\/\/www.europesays.com\/fr\/317194\/","title":{"rendered":"Pro D2. Le Fidjien Josh Thompson d\u00e9barque au FCG pour renforcer le pack"},"content":{"rendered":"<p>Ce contenu est bloqu\u00e9 car vous n&rsquo;avez pas accept\u00e9 les cookies et autres traceurs.<\/p>\n<p>En cliquant sur \u00ab J\u2019accepte \u00bb, les cookies et autres traceurs seront d\u00e9pos\u00e9s et vous pourrez visualiser les contenus  (<a href=\"\" class=\"consentModule_policy\" target=\"_blank\" title=\"Consulter la politique de protection des donn\u00e9es du fournisseur\">plus d&rsquo;informations<\/a>).<\/p>\n<p>En cliquant sur \u00ab J\u2019accepte tous les cookies \u00bb, vous autorisez des d\u00e9p\u00f4ts de cookies et autres traceurs pour le stockage de vos donn\u00e9es sur nos sites et applications \u00e0 des fins de personnalisation et de ciblage publicitaire.<\/p>\n<p class=\"consentModule_secondaryText\">Vous gardez la possibilit\u00e9 de retirer votre consentement \u00e0 tout moment en consultant notre <a href=\"https:\/\/www.ledauphine.com\/protection-des-donnees\" target=\"_blank\" title=\"Consulter notre politique de protection des donn\u00e9es\" rel=\"noopener\">politique de protection des donn\u00e9es<\/a>. <br \/>&#13;<br \/>\n            <a href=\"https:\/\/www.ledauphine.com\/sport\/2025\/08\/13\/javascript:Didomi.notice.show()\" class=\"consentModule_cmp\" target=\"_blank\" rel=\"noopener\">G\u00e9rer mes choix<\/a>&#13;\n        <\/p>\n<p>&#13;<br \/>\n                        J&rsquo;accepte&#13;<br \/>\n            J&rsquo;accepte tous les cookies&#13;\n        <\/p>\n<p>L\u2019arriv\u00e9e de Josh Thompson vient apporter de la puissance et de l\u2019explosivit\u00e9 \u00e0 ce poste o\u00f9 on retrouve aussi Brandon Nansen, Girogi Javakhia, Cameron Holt et Thomas Ployet.<\/p>\n<p>\u00ab\u00a0Josh est un joueur australien d\u2019origine fidjienne, qui nous vient de la Western Force\u00a0! C\u2019est un joueur polyvalent 5-6-8, puissant, porteur de balles, qui va nous apporter toute sa puissance\u00a0\u00bb, d\u00e9crit le directeur du rugby Aubin Hueber sur les r\u00e9seaux sociaux du club grenoblois.<\/p>\n<p>Josh Thompson a jou\u00e9 toute sa carri\u00e8re en Oc\u00e9anie. Il a disput\u00e9 la saison derni\u00e8re trois matchs avec la franchise australienne, \u00e0 Perth.<\/p>\n","protected":false},"excerpt":{"rendered":"Ce contenu est bloqu\u00e9 car vous n&rsquo;avez pas accept\u00e9 les cookies et autres traceurs. En cliquant sur \u00ab&hellip;\n","protected":false},"author":2,"featured_media":317195,"comment_status":"","ping_status":"","sticky":false,"template":"","format":"standard","meta":{"footnotes":""},"categories":[9566],"tags":[1111,11,2430,112,1777,674,2727,107,1701,1011,27,2731,2732,108,1985,12,2308,25,479,517,1947],"class_list":{"0":"post-317194","1":"post","2":"type-post","3":"status-publish","4":"format-standard","5":"has-post-thumbnail","7":"category-grenoble","8":"tag-actu","9":"tag-actualites","10":"tag-auvergne-rhone-alpes","11":"tag-edition-grenoble-agglomeration","12":"tag-eu","13":"tag-europe","14":"tag-fcg-fc-grenoble-rugby","15":"tag-fil-info","16":"tag-fil-info-sport","17":"tag-fr","18":"tag-france","19":"tag-grenoble","20":"tag-grenoble-bassin","21":"tag-isere","22":"tag-metropole-de-grenoble","23":"tag-news","24":"tag-pro-d2","25":"tag-republique-francaise","26":"tag-rugby","27":"tag-sport","28":"tag-sport-national"},"share_on_mastodon":{"url":"https:\/\/pubeurope.com\/@fr\/115023670389903991","error":""},"_links":{"self":[{"href":"https:\/\/www.europesays.com\/fr\/wp-json\/wp\/v2\/posts\/317194","targetHints":{"allow":["GET"]}}],"collection":[{"href":"https:\/\/www.europesays.com\/fr\/wp-json\/wp\/v2\/posts"}],"about":[{"href":"https:\/\/www.europesays.com\/fr\/wp-json\/wp\/v2\/types\/post"}],"author":[{"embeddable":true,"href":"https:\/\/www.europesays.com\/fr\/wp-json\/wp\/v2\/users\/2"}],"replies":[{"embeddable":true,"href":"https:\/\/www.europesays.com\/fr\/wp-json\/wp\/v2\/comments?post=317194"}],"version-history":[{"count":0,"href":"https:\/\/www.europesays.com\/fr\/wp-json\/wp\/v2\/posts\/317194\/revisions"}],"wp:featuredmedia":[{"embeddable":true,"href":"https:\/\/www.europesays.com\/fr\/wp-json\/wp\/v2\/media\/317195"}],"wp:attachment":[{"href":"https:\/\/www.europesays.com\/fr\/wp-json\/wp\/v2\/media?parent=317194"}],"wp:term":[{"taxonomy":"category","embeddable":true,"href":"https:\/\/www.europesays.com\/fr\/wp-json\/wp\/v2\/categories?post=317194"},{"taxonomy":"post_tag","embeddable":true,"href":"https:\/\/www.europesays.com\/fr\/wp-json\/wp\/v2\/tags?post=317194"}],"curies":[{"name":"wp","href":"https:\/\/api.w.org\/{rel}","templated":true}]}}