{"id":317196,"date":"2025-08-13T21:51:43","date_gmt":"2025-08-13T21:51:43","guid":{"rendered":"https:\/\/www.europesays.com\/fr\/317196\/"},"modified":"2025-08-13T21:51:43","modified_gmt":"2025-08-13T21:51:43","slug":"melesse-des-clowns-pour-amuser-les-petits-avec-la-cie-azor","status":"publish","type":"post","link":"https:\/\/www.europesays.com\/fr\/317196\/","title":{"rendered":"Melesse. Des clowns pour amuser les petits avec la Cie Azor"},"content":{"rendered":"<p>Cr\u00e9\u00e9 en 2015 par la compagnie Azor, Th\u00e9\u00e2tre au village sillonne chaque \u00e9t\u00e9 la Bretagne et se produit dans une quinzaine de communes chaque ann\u00e9e. <strong>\u00ab\u00a0De village en village, nous installons notre d\u00e9cor et nos costumes pour une journ\u00e9e de spectacle et de rencontres<\/strong>, invite Anne Busnel, porte-parole de la troupe.<strong> L\u2019objectif de Th\u00e9\u00e2tre au village est d\u2019apporter la culture au plus pr\u00e8s des gens, en partageant le th\u00e9\u00e2tre et la litt\u00e9rature\u00a0\u00bb<\/strong>. Gabilolo et Malolotte \u00e0 peu pr\u00e8s magiciens, est une invitation au th\u00e9\u00e2tre, \u00e0 l\u2019humour, \u00e0 la chanson et \u00e0 la magie. <strong>\u00ab\u00a0Le tout avec la participation des enfants\u00a0\u00bb<\/strong>.<\/p>\n<p>C\u2019est bient\u00f4t l\u2019anniversaire de Gabilolo. Avec sa petite s\u0153ur Malolotte, ils d\u00e9cident de pr\u00e9parer un spectacle de magie pour la f\u00eate. Comme \u00e0 leur habitude, Gabilolo et Malolotte se chamaillent et se jouent des tours\u00a0! Ce spectacle sera suivi d\u2019un go\u00fbter en musique. <strong>\u00ab\u00a0Les enfants pourront jouer avec nos musiciens, avec des instruments mis \u00e0 disposition\u00a0\u00bb<\/strong>, invitent les organisateurs.<\/p>\n<p><strong>Vendredi 22\u00a0ao\u00fbt,<\/strong> \u00e0 15\u00a0h\u00a030, dans la cour du centre social, rue de la Poste (repli salle polyvalente en cas de mauvais temps)\u00a0; entr\u00e9e libre et gratuite\u00a0; 50\u00a0minutes.<\/p>\n<p>\u00a0<\/p>\n","protected":false},"excerpt":{"rendered":"Cr\u00e9\u00e9 en 2015 par la compagnie Azor, Th\u00e9\u00e2tre au village sillonne chaque \u00e9t\u00e9 la Bretagne et se produit&hellip;\n","protected":false},"author":2,"featured_media":317197,"comment_status":"","ping_status":"","sticky":false,"template":"","format":"standard","meta":{"footnotes":""},"categories":[2821],"tags":[1111,11,42094,45551,829,45550,45549,1777,674,1011,27,9113,12,5175,3086,584,25],"class_list":{"0":"post-317196","1":"post","2":"type-post","3":"status-publish","4":"format-standard","5":"has-post-thumbnail","7":"category-rennes","8":"tag-actu","9":"tag-actualites","10":"tag-amuser","11":"tag-azor","12":"tag-bretagne","13":"tag-cie","14":"tag-clowns","15":"tag-eu","16":"tag-europe","17":"tag-fr","18":"tag-france","19":"tag-melesse","20":"tag-news","21":"tag-petits","22":"tag-redon","23":"tag-rennes","24":"tag-republique-francaise"},"share_on_mastodon":{"url":"https:\/\/pubeurope.com\/@fr\/115023674310545723","error":""},"_links":{"self":[{"href":"https:\/\/www.europesays.com\/fr\/wp-json\/wp\/v2\/posts\/317196","targetHints":{"allow":["GET"]}}],"collection":[{"href":"https:\/\/www.europesays.com\/fr\/wp-json\/wp\/v2\/posts"}],"about":[{"href":"https:\/\/www.europesays.com\/fr\/wp-json\/wp\/v2\/types\/post"}],"author":[{"embeddable":true,"href":"https:\/\/www.europesays.com\/fr\/wp-json\/wp\/v2\/users\/2"}],"replies":[{"embeddable":true,"href":"https:\/\/www.europesays.com\/fr\/wp-json\/wp\/v2\/comments?post=317196"}],"version-history":[{"count":0,"href":"https:\/\/www.europesays.com\/fr\/wp-json\/wp\/v2\/posts\/317196\/revisions"}],"wp:featuredmedia":[{"embeddable":true,"href":"https:\/\/www.europesays.com\/fr\/wp-json\/wp\/v2\/media\/317197"}],"wp:attachment":[{"href":"https:\/\/www.europesays.com\/fr\/wp-json\/wp\/v2\/media?parent=317196"}],"wp:term":[{"taxonomy":"category","embeddable":true,"href":"https:\/\/www.europesays.com\/fr\/wp-json\/wp\/v2\/categories?post=317196"},{"taxonomy":"post_tag","embeddable":true,"href":"https:\/\/www.europesays.com\/fr\/wp-json\/wp\/v2\/tags?post=317196"}],"curies":[{"name":"wp","href":"https:\/\/api.w.org\/{rel}","templated":true}]}}