{"id":317198,"date":"2025-08-13T21:52:18","date_gmt":"2025-08-13T21:52:18","guid":{"rendered":"https:\/\/www.europesays.com\/fr\/317198\/"},"modified":"2025-08-13T21:52:18","modified_gmt":"2025-08-13T21:52:18","slug":"mahdi-camara-a-rennes-cest-officiel-france-stade-rennais","status":"publish","type":"post","link":"https:\/\/www.europesays.com\/fr\/317198\/","title":{"rendered":"Mahdi Camara \u00e0 Rennes, c\u2019est officiel &#8211; France &#8211; Stade rennais"},"content":{"rendered":"<p>Il Mahdi oui.<\/p>\n<p><a target=\"_blank\" href=\"https:\/\/www.sofoot.com\/breves\/mercato-rennes-grille-la-priorite-a-nice-pour-mahdi-camara\" rel=\"noopener nofollow\">Comme attendu ces derni\u00e8res heures<\/a>, Mahdi Camara reste en Bretagne. En partance pour Nice, <strong>le milieu de terrain brestois s\u2019est finalement engag\u00e9 avec le Stade rennais pour quatre saisons<\/strong>, contre un ch\u00e8que estim\u00e9 \u00e0 huit millions d\u2019euros.<\/p>\n<p>Un nouveau renfort de poids pour les Rouge et Noir, qui se sont d\u00e9j\u00e0 offert Valentin Rongier pour renforcer leur entrejeu cet \u00e9t\u00e9, en plus de Quentin Merlin et Przemyslaw\u00a0Frankowski dans les couloirs.<\/p>\n<p>La recette du renouveau dans la capitale de la Bretagne ?<\/p>\n<p>\t\t\t\t\t\t\t\t\t\t<a class=\"lien-connexe\" href=\"https:\/\/www.sofoot.com\/breves\/habib-beye-se-rejouit-de-la-direction-prise-par-le-mercato-rennais\" rel=\"nofollow noopener\" target=\"_blank\">Habib Beye se r\u00e9jouit de la direction prise par le mercato rennais<\/a>\t\t\t\t\t<\/p>\n","protected":false},"excerpt":{"rendered":"Il Mahdi oui. Comme attendu ces derni\u00e8res heures, Mahdi Camara reste en Bretagne. En partance pour Nice, le&hellip;\n","protected":false},"author":2,"featured_media":317199,"comment_status":"","ping_status":"","sticky":false,"template":"","format":"standard","meta":{"footnotes":""},"categories":[2821],"tags":[1111,47,11,61,829,69,65,64,1777,674,63,1011,27,68,66,12,62,70,584,25,67],"class_list":{"0":"post-317198","1":"post","2":"type-post","3":"status-publish","4":"format-standard","5":"has-post-thumbnail","7":"category-rennes","8":"tag-actu","9":"tag-actualite","10":"tag-actualites","11":"tag-actus-football","12":"tag-bretagne","13":"tag-bundesliga","14":"tag-championnats-europeens","15":"tag-equipe-de-france","16":"tag-eu","17":"tag-europe","18":"tag-football","19":"tag-fr","20":"tag-france","21":"tag-ligua","22":"tag-ligue-1","23":"tag-news","24":"tag-news-foot","25":"tag-premier-league","26":"tag-rennes","27":"tag-republique-francaise","28":"tag-serie-a"},"share_on_mastodon":{"url":"https:\/\/pubeurope.com\/@fr\/115023678574223242","error":""},"_links":{"self":[{"href":"https:\/\/www.europesays.com\/fr\/wp-json\/wp\/v2\/posts\/317198","targetHints":{"allow":["GET"]}}],"collection":[{"href":"https:\/\/www.europesays.com\/fr\/wp-json\/wp\/v2\/posts"}],"about":[{"href":"https:\/\/www.europesays.com\/fr\/wp-json\/wp\/v2\/types\/post"}],"author":[{"embeddable":true,"href":"https:\/\/www.europesays.com\/fr\/wp-json\/wp\/v2\/users\/2"}],"replies":[{"embeddable":true,"href":"https:\/\/www.europesays.com\/fr\/wp-json\/wp\/v2\/comments?post=317198"}],"version-history":[{"count":0,"href":"https:\/\/www.europesays.com\/fr\/wp-json\/wp\/v2\/posts\/317198\/revisions"}],"wp:featuredmedia":[{"embeddable":true,"href":"https:\/\/www.europesays.com\/fr\/wp-json\/wp\/v2\/media\/317199"}],"wp:attachment":[{"href":"https:\/\/www.europesays.com\/fr\/wp-json\/wp\/v2\/media?parent=317198"}],"wp:term":[{"taxonomy":"category","embeddable":true,"href":"https:\/\/www.europesays.com\/fr\/wp-json\/wp\/v2\/categories?post=317198"},{"taxonomy":"post_tag","embeddable":true,"href":"https:\/\/www.europesays.com\/fr\/wp-json\/wp\/v2\/tags?post=317198"}],"curies":[{"name":"wp","href":"https:\/\/api.w.org\/{rel}","templated":true}]}}