{"id":317200,"date":"2025-08-13T21:53:42","date_gmt":"2025-08-13T21:53:42","guid":{"rendered":"https:\/\/www.europesays.com\/fr\/317200\/"},"modified":"2025-08-13T21:53:42","modified_gmt":"2025-08-13T21:53:42","slug":"la-plus-grande-fete-de-la-biere-de-france-revient-a-40-min-de-strasbourg","status":"publish","type":"post","link":"https:\/\/www.europesays.com\/fr\/317200\/","title":{"rendered":"la plus grande F\u00eate de la bi\u00e8re de France revient \u00e0 40 min de Strasbourg !"},"content":{"rendered":"<p>    <img loading=\"lazy\" width=\"1800\" height=\"900\" src=\"https:\/\/www.europesays.com\/fr\/wp-content\/uploads\/2025\/04\/jeanne-callthepolice.jpg\" class=\"attachment-full size-full\" alt=\"\" id=\"imageLove\" decoding=\"async\"  \/><\/p>\n<p id=\"breadcrumbs\"><a href=\"https:\/\/pokaa.fr\/\" rel=\"nofollow noopener\" target=\"_blank\">Accueil<\/a> \/ <a href=\"https:\/\/pokaa.fr\/categories\/ses-sorties\/\" rel=\"nofollow noopener\" target=\"_blank\">Sorties<\/a> \/ \u00c7a va \u00eatre fou : la plus grande F\u00eate de la bi\u00e8re de France revient \u00e0 40 min de Strasbourg !<\/p>\n<p>                    Sorties<\/p>\n<p><strong>Du 28 au 31 ao\u00fbt, l\u2019\u00e9t\u00e9 ne sera pas encore fini : pour faire la f\u00eate bien comme il se doit une derni\u00e8re fois, la F\u00eate de la bi\u00e8re de la Brasserie Licorne revient mettre le feu pour 4 jours de folie \u00e0 Saverne. Des breuvages pour petit(e)s et grand(e)s, des tartes flamb\u00e9es d\u00e9licieuses ainsi que des concerts au sommet sont au programme. On vous d\u00e9taille tout \u00e7a. <\/strong><\/p>\n<p>Non pas 3, mais 4 jours\u00a0: cette ann\u00e9e, la F\u00eate de la bi\u00e8re de la Brasserie Licorne a vu les choses en grand. Et pour cause\u00a0: <strong>du 28 au 31 ao\u00fbt, on f\u00eate les 180 ans de la c\u00e9l\u00e8bre bibine locale ! Direction Saverne \u00e0 une quarantaine de minutes de Strasbourg pour la plus grande f\u00eate de la bi\u00e8re de France\u2026<\/strong> Qui bat les records cette ann\u00e9e.<\/p>\n<p><strong>Bi\u00e8re \u00e0 foison pour tous les go\u00fbts, stands de sp\u00e9cialit\u00e9s locales, activit\u00e9s familiales et concerts, entre schlager, musique am\u00e9ricaine et DJ sets :<\/strong> la 14e\u00a0\u00e9dition promet d\u2019\u00eatre inoubliable.<\/p>\n<p>                <img width=\"750\" height=\"500\" src=\"https:\/\/www.europesays.com\/fr\/wp-content\/uploads\/2025\/08\/fete-de-la-biere-2024-philippe-stirnweiss-265-750x500.jpg\" class=\"attachment-gallery size-gallery\" alt=\"Fete de la biere 2024 Saverne\" data-full-url=\"https:\/\/pokaa.fr\/wp-content\/uploads\/2025\/08\/11\/fete-de-la-biere-2024-philippe-stirnweiss-265.jpg\" decoding=\"async\" loading=\"lazy\"  \/>            <\/p>\n<p>                <img width=\"750\" height=\"500\" src=\"https:\/\/www.europesays.com\/fr\/wp-content\/uploads\/2025\/08\/fete-de-la-biere-2024-philippe-stirnweiss-284-750x500.jpg\" class=\"attachment-gallery size-gallery\" alt=\"Fete de la biere 2024 Saverne\" data-full-url=\"https:\/\/pokaa.fr\/wp-content\/uploads\/2025\/08\/11\/fete-de-la-biere-2024-philippe-stirnweiss-284.jpg\" decoding=\"async\" loading=\"lazy\"  \/>            <\/p>\n<p>                <img width=\"750\" height=\"500\" src=\"https:\/\/www.europesays.com\/fr\/wp-content\/uploads\/2025\/08\/fete-de-la-biere-2024-philippe-stirnweiss-346-750x500.jpg\" class=\"attachment-gallery size-gallery\" alt=\"Fete de la biere 2024 Saverne\" data-full-url=\"https:\/\/pokaa.fr\/wp-content\/uploads\/2025\/08\/11\/fete-de-la-biere-2024-philippe-stirnweiss-346.jpg\" decoding=\"async\" loading=\"lazy\"  \/>            <\/p>\n<p>                <img width=\"750\" height=\"500\" src=\"https:\/\/www.europesays.com\/fr\/wp-content\/uploads\/2025\/08\/fete-de-la-biere-2024-philippe-stirnweiss-322-750x500.jpg\" class=\"attachment-gallery size-gallery\" alt=\"Fete de la biere 2024 Saverne\" data-full-url=\"https:\/\/pokaa.fr\/wp-content\/uploads\/2025\/08\/11\/fete-de-la-biere-2024-philippe-stirnweiss-322.jpg\" decoding=\"async\" loading=\"lazy\"  \/>            <\/p>\n<p>                    \u00a9 Philippe Stirnweiss \/ Documents remis<\/p>\n<p>1001 saveurs locales<\/p>\n<p>La star de la f\u00eate, c\u2019est bien \u00e9videmment la bibine. Avec ses marques embl\u00e9matiques <strong>Licorne et Slash,<\/strong> la brasserie saura faire palpiter les palais comme il se doit. Les incontournables, telles que la <strong>Licorne Elsass<\/strong> ou la <strong>Licorne Black<\/strong>, vous feront tourner la t\u00eate aux c\u00f4t\u00e9s d\u2019autres options aromatis\u00e9es, telles que la <strong>Slash Mango<\/strong> ou la petite nouvelle, la <strong>Slash Berry. <\/strong><\/p>\n<p>On pourra \u00e9galement retrouver deux brasseries partenaires : la brasserie belge Lefebvre et sa c\u00e9l\u00e8bre <strong>Blanche de Bruxelles ros\u00e9e,<\/strong> ainsi <strong>que la brasserie allemande Erdinger.<\/strong> De quoi voyager sans bouger son fessier \u2013 ou presque, tandis que de nombreux softs seront \u00e0 la carte \u2013, <strong>dont les boissons Dark Dog ou les sodas Bundaberg.<\/strong><\/p>\n<p>                <img width=\"333\" height=\"500\" src=\"https:\/\/www.europesays.com\/fr\/wp-content\/uploads\/2025\/08\/fete-de-la-biere-2024-philippe-stirnweiss-395-333x500.jpg\" class=\"attachment-gallery size-gallery\" alt=\"Fete de la biere 2024 Saverne\" data-full-url=\"https:\/\/pokaa.fr\/wp-content\/uploads\/2025\/08\/11\/fete-de-la-biere-2024-philippe-stirnweiss-395.jpg\" decoding=\"async\" loading=\"lazy\"  \/>            <\/p>\n<p>                <img width=\"750\" height=\"500\" src=\"https:\/\/www.europesays.com\/fr\/wp-content\/uploads\/2025\/08\/fete-de-la-biere-2024-philippe-stirnweiss-403-750x500.jpg\" class=\"attachment-gallery size-gallery\" alt=\"Fete de la biere 2024 Saverne\" data-full-url=\"https:\/\/pokaa.fr\/wp-content\/uploads\/2025\/08\/11\/fete-de-la-biere-2024-philippe-stirnweiss-403.jpg\" decoding=\"async\" loading=\"lazy\"  \/>            <\/p>\n<p>                <img width=\"750\" height=\"500\" src=\"https:\/\/www.europesays.com\/fr\/wp-content\/uploads\/2025\/08\/fete-de-la-biere-2024-philippe-stirnweiss-414-750x500.jpg\" class=\"attachment-gallery size-gallery\" alt=\"Fete de la biere 2024 Saverne\" data-full-url=\"https:\/\/pokaa.fr\/wp-content\/uploads\/2025\/08\/11\/fete-de-la-biere-2024-philippe-stirnweiss-414.jpg\" decoding=\"async\" loading=\"lazy\"  \/>            <\/p>\n<p>                <img width=\"750\" height=\"500\" src=\"https:\/\/www.europesays.com\/fr\/wp-content\/uploads\/2025\/08\/fete-de-la-biere-2024-philippe-stirnweiss-264-750x500.jpg\" class=\"attachment-gallery size-gallery\" alt=\"Fete de la biere 2024 Saverne\" data-full-url=\"https:\/\/pokaa.fr\/wp-content\/uploads\/2025\/08\/11\/fete-de-la-biere-2024-philippe-stirnweiss-264.jpg\" decoding=\"async\" loading=\"lazy\"  \/>            <\/p>\n<p>                    \u00a9 Philippe Stirnweiss \/ Documents remis<\/p>\n<p>Pour remplir les estomacs affam\u00e9s, on pourra se d\u00e9lecter d\u2019un <strong>food court<\/strong> avec des sp\u00e9cialit\u00e9s pour toutes les envies\u00a0: <strong>tartes flamb\u00e9es, schnitzels, burgers, bretzels, grillades, planchettes\u2026<\/strong> Alors, vous salivez\u00a0? Attendez, on n\u2019a pas fini\u00a0!<\/p>\n<p>                <img width=\"750\" height=\"500\" src=\"https:\/\/www.europesays.com\/fr\/wp-content\/uploads\/2025\/08\/fete-de-la-biere-2024-philippe-stirnweiss-247-750x500.jpg\" class=\"attachment-gallery size-gallery\" alt=\"Fete de la biere 2024 Saverne\" data-full-url=\"https:\/\/pokaa.fr\/wp-content\/uploads\/2025\/08\/11\/fete-de-la-biere-2024-philippe-stirnweiss-247.jpg\" decoding=\"async\" loading=\"lazy\"  \/>            <\/p>\n<p>                <img width=\"750\" height=\"500\" src=\"https:\/\/www.europesays.com\/fr\/wp-content\/uploads\/2025\/08\/fete-de-la-biere-2024-philippe-stirnweiss-380-750x500.jpg\" class=\"attachment-gallery size-gallery\" alt=\"Fete de la biere 2024 Saverne\" data-full-url=\"https:\/\/pokaa.fr\/wp-content\/uploads\/2025\/08\/11\/fete-de-la-biere-2024-philippe-stirnweiss-380.jpg\" decoding=\"async\" loading=\"lazy\"  \/>            <\/p>\n<p>                    \u00a9 Philippe Stirnweiss \/ Documents remis<\/p>\n<p>    <img width=\"800\" height=\"533\" src=\"https:\/\/www.europesays.com\/fr\/wp-content\/uploads\/2025\/08\/fete-de-la-biere-2024-philippe-stirnweiss-389-800x533.jpg\" class=\"attachment-image-size-L size-image-size-L\" alt=\"Fete de la biere 2024 Saverne\" decoding=\"async\" loading=\"lazy\"  \/>         \u00a9 Philippe Stirnweiss \/ Document remis <\/p>\n<p>Des \u00c9tats-Unis au schlager : le voyage continue<\/p>\n<p>C\u00f4t\u00e9 musique, on retrouvera les fid\u00e8les <strong>Licorne Elsasser Band<\/strong> et les <strong>Autrichiens de Fetzentaler<\/strong>. Le vendredi et samedi, c\u2019est <strong>Robin Leon<\/strong> qui viendra nous faire danser sur ses meilleurs airs de schlager, tandis que le jeudi soir, <strong>Dr Boost<\/strong> sera pr\u00e9sent pour la premi\u00e8re fois, pour enflammer le dancefloor comme il se doit !<\/p>\n<p>                <img width=\"750\" height=\"500\" src=\"https:\/\/www.europesays.com\/fr\/wp-content\/uploads\/2025\/08\/fete-de-la-biere-2024-philippe-stirnweiss-257-750x500.jpg\" class=\"attachment-gallery size-gallery\" alt=\"Fete de la biere 2024 Saverne Autrichiens de Fetzentaler\" data-full-url=\"https:\/\/pokaa.fr\/wp-content\/uploads\/2025\/08\/11\/fete-de-la-biere-2024-philippe-stirnweiss-257.jpg\" decoding=\"async\" loading=\"lazy\"  \/>            <\/p>\n<p>                <img width=\"750\" height=\"500\" src=\"https:\/\/www.europesays.com\/fr\/wp-content\/uploads\/2025\/08\/fete-de-la-biere-2024-philippe-stirnweiss-263-750x500.jpg\" class=\"attachment-gallery size-gallery\" alt=\"Fete de la biere 2024 Saverne Autrichiens de Fetzentaler\" data-full-url=\"https:\/\/pokaa.fr\/wp-content\/uploads\/2025\/08\/11\/fete-de-la-biere-2024-philippe-stirnweiss-263.jpg\" decoding=\"async\" loading=\"lazy\"  \/>            <\/p>\n<p>                <img width=\"750\" height=\"500\" src=\"https:\/\/www.europesays.com\/fr\/wp-content\/uploads\/2025\/08\/fete-de-la-biere-2024-philippe-stirnweiss-223-750x500.jpg\" class=\"attachment-gallery size-gallery\" alt=\"Fete de la biere 2024 Saverne  Licorne Elsasser Band\" data-full-url=\"https:\/\/pokaa.fr\/wp-content\/uploads\/2025\/08\/11\/fete-de-la-biere-2024-philippe-stirnweiss-223.jpg\" decoding=\"async\" loading=\"lazy\"  \/>            <\/p>\n<p>                <img width=\"750\" height=\"500\" src=\"https:\/\/www.europesays.com\/fr\/wp-content\/uploads\/2025\/08\/fete-de-la-biere-2024-philippe-stirnweiss-353-750x500.jpg\" class=\"attachment-gallery size-gallery\" alt=\"Fete de la biere 2024 Saverne Robin Leon\" data-full-url=\"https:\/\/pokaa.fr\/wp-content\/uploads\/2025\/08\/11\/fete-de-la-biere-2024-philippe-stirnweiss-353.jpg\" decoding=\"async\" loading=\"lazy\"  \/>            <\/p>\n<p>                <img width=\"745\" height=\"500\" src=\"https:\/\/www.europesays.com\/fr\/wp-content\/uploads\/2025\/06\/capture-decran-2024-06-11-235958-745x500.png\" class=\"attachment-gallery size-gallery\" alt=\"Dr Boost Fete de la biere Saverne\" data-full-url=\"https:\/\/pokaa.fr\/wp-content\/uploads\/2024\/06\/11\/capture-decran-2024-06-11-235958.png\" decoding=\"async\" loading=\"lazy\"  \/>            <\/p>\n<p>                    1. 2. Les Autrichiens de Fetzentaler, 3. Licorne Elsasser Band, 4. Robin Leon. \u00a9 Philippe Stirnweiss \/ Documents remis ; 5. \u00a9 Dr Boost \/ Capture d&rsquo;\u00e9cran <\/p>\n<p>Si les soir\u00e9es se veulent on fire, les journ\u00e9es ne sont pas en reste\u00a0: l\u2019artiste <strong>Chemanco<\/strong> sera de retour pour nous faire vibrer <strong>au rythme de la culture am\u00e9ricaine, entour\u00e9 par une expo de voitures et de motos, des stands th\u00e9matiques\u2026 et des pin-ups !<\/strong><\/p>\n<p>L\u2019occasion de s\u2019immerger \u00e0 l\u2019autre bout de l\u2019Atlantique, tandis que les plus petit(e)s pourront se d\u00e9fouler <strong>entre trampolines, ch\u00e2teau gonflable et stands de confiserie. <\/strong><\/p>\n<p><strong>Alors, vous venez\u00a0voyager avec nous\u00a0? <\/strong><\/p>\n<p>            F\u00eate de la bi\u00e8re de la Brasserie Licorne<\/p>\n<p>            Quoi ? <\/p>\n<p>D\u00e9gustations de bi\u00e8re, concerts et animations<\/p>\n<p>                Quand ?<\/p>\n<p>Du 28 au 31 ao\u00fbt 2025<\/p>\n<p>            o\u00f9 ?<\/p>\n<p>Parc du ch\u00e2teau des Rohan, \u00e0 Saverne<\/p>\n<p>                Plus d&rsquo;infos ?<\/p>\n<p><a href=\"https:\/\/www.brasserielicorne.com\/2024\/06\/10\/fete-de-la-biere-2024\/#:~:text=Consid%C3%A9r%C3%A9e%20comme%20la%20plus%20grande,Ch%C3%A2teau%20des%20Rohan%20%C3%A0%20Saverne.\" target=\"_blank\" rel=\"noopener nofollow\">Informations pratiques\u00a0<\/a><\/p>\n<p><a href=\"https:\/\/www.brasserielicorne.com\/2024\/07\/03\/billetterie-fete-de-la-biere-2024\/\" target=\"_blank\" rel=\"noopener nofollow\">Billetterie<\/a><\/p>\n<p>Entr\u00e9e gratuite pour les moins de 18 ans accompagn\u00e9(e)s.<\/p>\n<p>                <img width=\"750\" height=\"500\" src=\"https:\/\/www.europesays.com\/fr\/wp-content\/uploads\/2025\/08\/fete-de-la-biere-2024-philippe-stirnweiss-340-750x500.jpg\" class=\"attachment-gallery size-gallery\" alt=\"Fete de la biere 2024 Saverne\" data-full-url=\"https:\/\/pokaa.fr\/wp-content\/uploads\/2025\/08\/11\/fete-de-la-biere-2024-philippe-stirnweiss-340.jpg\" decoding=\"async\" loading=\"lazy\"  \/>            <\/p>\n<p>                <img width=\"750\" height=\"500\" src=\"https:\/\/www.europesays.com\/fr\/wp-content\/uploads\/2025\/08\/fete-de-la-biere-2024-philippe-stirnweiss-304-750x500.jpg\" class=\"attachment-gallery size-gallery\" alt=\"Fete de la biere 2024 Saverne\" data-full-url=\"https:\/\/pokaa.fr\/wp-content\/uploads\/2025\/08\/11\/fete-de-la-biere-2024-philippe-stirnweiss-304.jpg\" decoding=\"async\" loading=\"lazy\"  \/>            <\/p>\n<p>                    \u00a9 Philippe Stirnweiss \/ Documents remis<\/p>\n","protected":false},"excerpt":{"rendered":"Accueil \/ Sorties \/ \u00c7a va \u00eatre fou : la plus grande F\u00eate de la bi\u00e8re de France&hellip;\n","protected":false},"author":2,"featured_media":317201,"comment_status":"","ping_status":"","sticky":false,"template":"","format":"standard","meta":{"footnotes":""},"categories":[2820],"tags":[1111,11,45552,1777,674,45553,1011,27,775,12,25,45554,640],"class_list":{"0":"post-317200","1":"post","2":"type-post","3":"status-publish","4":"format-standard","5":"has-post-thumbnail","7":"category-strasbourg","8":"tag-actu","9":"tag-actualites","10":"tag-brasserie-licorne","11":"tag-eu","12":"tag-europe","13":"tag-fete-de-la-biere","14":"tag-fr","15":"tag-france","16":"tag-grand-est","17":"tag-news","18":"tag-republique-francaise","19":"tag-saverne","20":"tag-strasbourg"},"share_on_mastodon":{"url":"https:\/\/pubeurope.com\/@fr\/115023683287142467","error":""},"_links":{"self":[{"href":"https:\/\/www.europesays.com\/fr\/wp-json\/wp\/v2\/posts\/317200","targetHints":{"allow":["GET"]}}],"collection":[{"href":"https:\/\/www.europesays.com\/fr\/wp-json\/wp\/v2\/posts"}],"about":[{"href":"https:\/\/www.europesays.com\/fr\/wp-json\/wp\/v2\/types\/post"}],"author":[{"embeddable":true,"href":"https:\/\/www.europesays.com\/fr\/wp-json\/wp\/v2\/users\/2"}],"replies":[{"embeddable":true,"href":"https:\/\/www.europesays.com\/fr\/wp-json\/wp\/v2\/comments?post=317200"}],"version-history":[{"count":0,"href":"https:\/\/www.europesays.com\/fr\/wp-json\/wp\/v2\/posts\/317200\/revisions"}],"wp:featuredmedia":[{"embeddable":true,"href":"https:\/\/www.europesays.com\/fr\/wp-json\/wp\/v2\/media\/317201"}],"wp:attachment":[{"href":"https:\/\/www.europesays.com\/fr\/wp-json\/wp\/v2\/media?parent=317200"}],"wp:term":[{"taxonomy":"category","embeddable":true,"href":"https:\/\/www.europesays.com\/fr\/wp-json\/wp\/v2\/categories?post=317200"},{"taxonomy":"post_tag","embeddable":true,"href":"https:\/\/www.europesays.com\/fr\/wp-json\/wp\/v2\/tags?post=317200"}],"curies":[{"name":"wp","href":"https:\/\/api.w.org\/{rel}","templated":true}]}}