{"id":317206,"date":"2025-08-13T21:57:10","date_gmt":"2025-08-13T21:57:10","guid":{"rendered":"https:\/\/www.europesays.com\/fr\/317206\/"},"modified":"2025-08-13T21:57:10","modified_gmt":"2025-08-13T21:57:10","slug":"carte-ou-voir-un-feu-dartifice-en-loire-atlantique-la-semaine-du-14-aout","status":"publish","type":"post","link":"https:\/\/www.europesays.com\/fr\/317206\/","title":{"rendered":"CARTE. O\u00f9 voir un feu d\u2019artifice en Loire-Atlantique la semaine du 14\u00a0ao\u00fbt\u00a0?"},"content":{"rendered":"<p>Le jeudi 15\u00a0ao\u00fbt, \u00e0 l\u2019occasion de l\u2019Assomption, plusieurs villes de Loire-Atlantique organisent des festivit\u00e9s et des feux d\u2019artifice (1). Ouest-France a regroup\u00e9, dans une carte interactive, les diff\u00e9rents tirs qui vont avoir lieu entre le jeudi 14\u00a0ao\u00fbt et le samedi 16\u00a0ao\u00fbt dans le d\u00e9partement.<\/p>\n<\/p>\n<p>Le rendez-vous pour les Nantais<\/p>\n<p>Pas de tir \u00e0 Nantes ou dans la m\u00e9tropole, mais pour les amoureux de feu d\u2019artifice, rendez-vous vendredi 15\u00a0ao\u00fbt, \u00e0 La Chevroli\u00e8re pour une soir\u00e9e festive. Il faudra ensuite se d\u00e9placer vers 22\u00a0h\u00a030 au port d\u2019\u00e9t\u00e9 de Passay pour admirer les reflets du feu d\u2019artifice sur la surface du lac de Grandlieu.<\/p>\n<p>Admirer un feu d\u2019artifice les pieds dans l\u2019eau<\/p>\n<p>La plupart des feux d\u2019artifice auront lieu cette ann\u00e9e dans des villes situ\u00e9es sur la c\u00f4te.\u00a0Pornic va, par exemple, avoir droit \u00e0 son tir le jeudi 14\u00a0ao\u00fbt, \u00e0 23\u00a0h, depuis la plage du Porteau. Le lendemain, c\u2019est depuis la plage des Bretons, \u00e0 La Turballe, qu\u2019il sera possible d\u2019admirer les explosions dans le ciel en ayant de l\u2019eau jusqu\u2019aux genoux.<\/p>\n<p>Des festivit\u00e9s \u00e0 ne pas manquer<\/p>\n<p>Toujours les pieds dans l\u2019eau pour le feu d\u2019artifice \u00e0 Saint-Brevin-les-Pins<a href=\"https:\/\/saint-nazaire.maville.com\/actu\/actudet_-saint-brevin-les-pins.-nouvelle-semaine-festive-au-bruit-des-dunes-_8-6932300_actu.Htm?utm_source=troove&amp;utm_medium=site\" target=\"_self\" rel=\"nofollow noopener\"> du samedi 16\u00a0ao\u00fbt.<\/a>\u00a0\u00c0 22\u00a0h\u00a030, sur la plage de l\u2019Oc\u00e9an, il ne faudrait pas un spectacle en d\u00e9ambulation de la fanfare rock, Green Line Marching Band. Au programme\u00a0: des reprises de grands classiques du rock, de David Bowie \u00e0 The Verve.<\/p>\n<p>Une dizaine de dates dans le d\u00e9partement<\/p>\n<p>En tout, une dizaine de villes auront leurs propres feux d\u2019artifice entre le jeudi 14\u00a0ao\u00fbt et le samedi 16\u00a0ao\u00fbt. Ainsi, il faudra se rendre le jeudi\u00a014, \u00e0 Saint-Michel-Chef-Chef et Saint-Andr\u00e9-des-Eaux. Le lendemain, il y aura des tirs \u00e0 Piriac-sur-Mer, au Croisic. Enfin pour cl\u00f4turer ce bal, rendez-vous le samedi 16\u00a0ao\u00fbt \u00e0 P\u00e9nestin et Ass\u00e9rac.<\/p>\n<p>S\u2019il manque votre \u00e9v\u00e8nement, n\u2019h\u00e9sitez pas \u00e0 nous contacter \u00e0 l\u2019adresse\u00a0: yann.guenon@ouest-france.fr<\/p>\n<p>(1) \u00c0 l\u2019heure o\u00f9 nous publions cet article, nous n\u2019avons pas connaissance des d\u00e9cisions qui pourraient \u00eatre prises par la pr\u00e9fecture pour interdire ou d\u00e9conseiller ces festivit\u00e9s.<\/p>\n<p>\u00a0<\/p>\n","protected":false},"excerpt":{"rendered":"Le jeudi 15\u00a0ao\u00fbt, \u00e0 l\u2019occasion de l\u2019Assomption, plusieurs villes de Loire-Atlantique organisent des festivit\u00e9s et des feux d\u2019artifice&hellip;\n","protected":false},"author":2,"featured_media":317207,"comment_status":"","ping_status":"","sticky":false,"template":"","format":"standard","meta":{"footnotes":""},"categories":[2818],"tags":[5659,1111,11,2863,38471,11617,1777,674,1312,1011,27,3047,766,12,2636,25,5572,3840],"class_list":{"0":"post-317206","1":"post","2":"type-post","3":"status-publish","4":"format-standard","5":"has-post-thumbnail","7":"category-nantes","8":"tag-5659","9":"tag-actu","10":"tag-actualites","11":"tag-aout","12":"tag-artifice","13":"tag-carte","14":"tag-eu","15":"tag-europe","16":"tag-feu","17":"tag-fr","18":"tag-france","19":"tag-loire-atlantique","20":"tag-nantes","21":"tag-news","22":"tag-pays-de-la-loire","23":"tag-republique-francaise","24":"tag-semaine","25":"tag-voir"},"share_on_mastodon":{"url":"https:\/\/pubeurope.com\/@fr\/115023697930205546","error":""},"_links":{"self":[{"href":"https:\/\/www.europesays.com\/fr\/wp-json\/wp\/v2\/posts\/317206","targetHints":{"allow":["GET"]}}],"collection":[{"href":"https:\/\/www.europesays.com\/fr\/wp-json\/wp\/v2\/posts"}],"about":[{"href":"https:\/\/www.europesays.com\/fr\/wp-json\/wp\/v2\/types\/post"}],"author":[{"embeddable":true,"href":"https:\/\/www.europesays.com\/fr\/wp-json\/wp\/v2\/users\/2"}],"replies":[{"embeddable":true,"href":"https:\/\/www.europesays.com\/fr\/wp-json\/wp\/v2\/comments?post=317206"}],"version-history":[{"count":0,"href":"https:\/\/www.europesays.com\/fr\/wp-json\/wp\/v2\/posts\/317206\/revisions"}],"wp:featuredmedia":[{"embeddable":true,"href":"https:\/\/www.europesays.com\/fr\/wp-json\/wp\/v2\/media\/317207"}],"wp:attachment":[{"href":"https:\/\/www.europesays.com\/fr\/wp-json\/wp\/v2\/media?parent=317206"}],"wp:term":[{"taxonomy":"category","embeddable":true,"href":"https:\/\/www.europesays.com\/fr\/wp-json\/wp\/v2\/categories?post=317206"},{"taxonomy":"post_tag","embeddable":true,"href":"https:\/\/www.europesays.com\/fr\/wp-json\/wp\/v2\/tags?post=317206"}],"curies":[{"name":"wp","href":"https:\/\/api.w.org\/{rel}","templated":true}]}}